{"id":16644,"date":"2025-08-08T13:49:19","date_gmt":"2025-08-08T16:49:19","guid":{"rendered":"https:\/\/hostnetart.com.br\/baixada\/confira-o-resultado-final-do-2-festival-nacional-de-musica-autoral-da-contraf-cut\/"},"modified":"2025-08-08T13:49:19","modified_gmt":"2025-08-08T16:49:19","slug":"confira-o-resultado-final-do-2-festival-nacional-de-musica-autoral-da-contraf-cut","status":"publish","type":"post","link":"https:\/\/hostnetart.com.br\/baixada\/confira-o-resultado-final-do-2-festival-nacional-de-musica-autoral-da-contraf-cut\/","title":{"rendered":"Confira o resultado final do 2\u00ba Festival Nacional de M\u00fasica Autoral da Contraf-CUT"},"content":{"rendered":"<\/p>\n<p>Com 44 inscri\u00e7\u00f5es de todas as regi\u00f5es do pa\u00eds, o <a href=\"https:\/\/contrafcut.com.br\/noticias\/nao-e-um-assalto-vence-2-festival-de-musica-autoral-da-contraf-cut\/\">2\u00ba Festival Nacional de M\u00fasica Autoral da Confedera\u00e7\u00e3o Nacional dos Trabalhadores do Ramo Financeiro (Contraf-CUT)<\/a> chegou ao fim com uma grande participa\u00e7\u00e3o popular e destaque para a diversidade cultural dos banc\u00e1rios e banc\u00e1rias.<\/p>\n<p>Com patroc\u00ednio da Federa\u00e7\u00e3o Nacional das Associa\u00e7\u00f5es do Pessoal da Caixa Econ\u00f4mica Federal (FENAE), o evento foi dividido em duas fases:<\/p>\n<p>&#8211; Fase regional: o festival premiou as melhores can\u00e7\u00f5es da primeira fase, voltada \u00e0s federa\u00e7\u00f5es. Quatro entidades atingiram o n\u00famero m\u00ednimo de inscri\u00e7\u00f5es e tiveram m\u00fasicas reconhecidas que receberam uma premia\u00e7\u00e3o no valor de R$500 cada.<\/p>\n<p>&#8211;\u00a0Fase nacional: as 15 m\u00fasicas finalistas escolhidas pela comiss\u00e3o julgadora \u2013 formada pelos artistas Giselle Tigre, Roque Estrela e Lupita Romero \u2013 foram submetidas a uma vota\u00e7\u00e3o popular online para escolha das cinco favoritas, que receberam pr\u00eamios em dinheiro: R$5 mil (1\u00ba lugar), R$3 mil (2\u00ba), R$2 mil (3\u00ba), R$500 (4\u00ba) e R$500 (5\u00ba lugar).<\/p>\n<p>A seguir, confira o resultado geral da vota\u00e7\u00e3o popular, a lista completa de participantes e suas respectivas federa\u00e7\u00f5es e entidades sindicais:<\/p>\n<p>Resultado da vota\u00e7\u00e3o popular. Clique e ou\u00e7a as composi\u00e7\u00f5es:\u00a0<\/p>\n<p>1109 votos &#8211; <a href=\"https:\/\/www.youtube.com\/watch?v=_e7XhB5nnZo\">N\u00e3o \u00e9 um Assalto<\/a> &#8211; Bruna Marl\u00ecere, Thiago, Laura Concei\u00e7\u00e3o \u2013 Caixa Econ\u00f4mica Federal &#8211; FETRAFI MG<br \/>519 votos &#8211; <a href=\"https:\/\/www.youtube.com\/watch?v=A5YB5HGrKWw\">E A\u00ed Meu Irm\u00e3o?!<\/a> &#8211; Lester &#8211; Caixa Econ\u00f4mica Federal &#8211; FEDERAL RJ<br \/>491 votos &#8211; <a href=\"https:\/\/www.youtube.com\/watch?v=vXL0lkGFQRE\">Filhos Da Terra<\/a> &#8211; Vanessa Pinheiro &#8211; Caixa Econ\u00f4mica Federal &#8211; FETEC CN<br \/>474 votos &#8211; <a href=\"https:\/\/www.youtube.com\/watch?v=4829Sc-wjDw\">Deixa Passar<\/a> &#8211; Maur\u00edcio Carvalho, Luis Gustavo, Maur\u00edcio Santana &#8211; Banco do Brasil &#8211; FETEC Paran\u00e1<br \/>425 votos &#8211; <a href=\"https:\/\/www.youtube.com\/watch?v=Y4kJ6kYWKrY\">O Beco<\/a> &#8211; Jos\u00e9 Tarc\u00edsio Pelegrini \u2013 Itaperuna &#8211; FETRAF RJ e ES<br \/>401 votos &#8211; <a href=\"https:\/\/www.youtube.com\/watch?v=1MUlIZcEfyk\">Somos Muito Mais que Dois<\/a> &#8211; Marcos Todt \u2013 Caixa Econ\u00f4mica Federal \u2013 Porto Alegre &#8211; FETRAFI RS<br \/>361 votos &#8211; <a href=\"https:\/\/www.youtube.com\/watch?v=8-KUN1p_dkQ\">O Querubim<\/a> &#8211; Paulo Ara\u00fajo e Raquel Gomes \u2013 Caixa Econ\u00f4mica Federal &#8211; Banc\u00e1rios CE &#8211; FETRAFI NE<br \/>332 votos &#8211; <a href=\"https:\/\/www.youtube.com\/watch?v=aezOlEgymEE\">Sonhos e Medos<\/a> &#8211; Andr\u00e9 Pacheco \u2013 Banco do Brasil \u2013 Ararangu\u00e1 \u2013 FETRAFI SC<br \/>310 votos &#8211; <a href=\"https:\/\/www.youtube.com\/watch?v=w4LAk-FYzWc\">Propaganda<\/a> &#8211; Danilo Jos\u00e9 Figueiredo Santos \u2013 Banco do Brasil \u2013 Banc\u00e1rios da Bahia \u2013 FEEB BA-SE<br \/>266 votos &#8211; <a href=\"https:\/\/www.youtube.com\/watch?v=FBk4YDAoatA\">N\u00e3o Precisa ser Assim<\/a> &#8211; Daniel Pereira e Danilo Batista \u2013 Banco do Brasil \u2013 Catanduva &#8211; FETEC SP<br \/>167 votos &#8211; <a href=\"https:\/\/www.youtube.com\/watch?v=YgV6LLzqnzw&amp;list=RDYgV6LLzqnzw&amp;start_radio=1\">Jogo Duplo<\/a> &#8211; Camila Ribeiro Andrade \u2013 Banco do Brasil \u2013 Banc\u00e1rios PE \u2013 FETRAFI NE<br \/>154 votos &#8211; <a href=\"https:\/\/www.youtube.com\/watch?v=aX3MPJUkzeI\">Tudo Errado<\/a> &#8211; Leandro Martim Isola \u2013 Banco do Brasil \u2013 Campinas \u2013 FEEB SP-MS<br \/>104 votos &#8211; <a href=\"https:\/\/www.youtube.com\/watch?v=ogmQ0lOno6c\">O Fim do Mundo<\/a> &#8211; Iuri Fernandes Spinassi \u2013 Banco do Brasil \u2013 Curitiba &#8211; FETEC PR<br \/>103 votos &#8211; <a href=\"https:\/\/www.youtube.com\/watch?v=pVep6eDZxT4\">CallMaria<\/a> &#8211; Belizio Feitosa Beserra &#8211; Caixa Econ\u00f4mica Federal &#8211; S\u00e3o Paulo, Osasco &#8211; FETEC SP<br \/>71 votos &#8211; <a href=\"https:\/\/www.youtube.com\/watch?v=vgLCu1PhBZ0\">Eu Quero \u00c9 Paz<\/a> &#8211; Andrea Aiko &#8211; Banco do Brasil \u2013 DF \u2013 FETEC CN<\/p>\n<p>Inscritos por Federa\u00e7\u00e3o. Clique e ou\u00e7a as composi\u00e7\u00f5es:<\/p>\n<p><strong>&#8211; FETRAFI RIO GRANDE DO SUL<\/strong><\/p>\n<ul>\n<li>Matheus Souza Neri &#8211; <a href=\"https:\/\/www.youtube.com\/watch?v=PPUn1AEJvYQ\">Rebanho<\/a>\u00a0<a href=\"https:\/\/www.youtube.com\/watch?v=PPUn1AEJvYQ\">\u00a0 \u00a0\u00a0<\/a><\/li>\n<li>Eduardo Zucchinali &#8211; <a href=\"https:\/\/www.youtube.com\/watch?v=WpabOIH6vkU&amp;feature=youtu.be\">Olhos Verdes\u00a0<\/a><\/li>\n<li>Marcos Todt &#8211; <a href=\"https:\/\/www.youtube.com\/watch?v=1MUlIZcEfyk\">Somos Muito Mais que Dois<\/a>\u00a0 (finalista)<\/li>\n<\/ul>\n<p><strong>&#8211; FETRAFI SANTA CATARINA<\/strong><\/p>\n<ul>\n<li>Andr\u00e9 Pacheco &#8211; <a href=\"https:\/\/www.youtube.com\/watch?v=aezOlEgymEE\">Sonhos E Medos<\/a>(finalista)<\/li>\n<li>Norton Jacques &#8211; <a href=\"https:\/\/www.youtube.com\/watch?feature=shared&amp;v=BLSm1HkJh1w\">Interesseira<\/a>\u00a0<\/li>\n<\/ul>\n<p><strong>&#8211; FETEC PARAN\u00c1<\/strong><\/p>\n<ul>\n<li>Malcon Cunha Teixeira Gouv\u00eaa &#8211; <a href=\"https:\/\/www.youtube.com\/watch?v=ctHilgK-6Hs\">Hist\u00f3rias e Lembran\u00e7as<\/a><\/li>\n<li>Maur\u00edcio Carvalho e Luis Gustavo &#8211; <a href=\"https:\/\/www.youtube.com\/watch?v=4829Sc-wjDw\">Deixa Passar<\/a> (4\u00ba lugar)<\/li>\n<li>Iuri Fernandes Spinassi &#8211; <a href=\"https:\/\/www.youtube.com\/watch?v=ogmQ0lOno6c\">O Fim do Mundo<\/a> (vencedor regional)<\/li>\n<li>Dafne Joela Picco de Borba &#8211; <a href=\"https:\/\/www.youtube.com\/watch?v=fgGJjRzc34E&amp;list=RDfgGJjRzc34E&amp;start_radio=1\">Esperar<\/a><\/li>\n<li>Aparecido Sandro Ramos &#8211; <a href=\"https:\/\/www.youtube.com\/watch?v=PZB0PLrtQbw\">\u00cdndios Overdrive<\/a><\/li>\n<li>M\u00e1rcio Deflon e Ednilson Estevan Silva &#8211; <a href=\"https:\/\/www.youtube.com\/watch?v=rs1MFiDyG68\">Mundo S\u00f3 Nosso<\/a><\/li>\n<\/ul>\n<p><strong>&#8211; FETEC S\u00c3O PAULO<\/strong><\/p>\n<ul>\n<li>Marcos Benedito &#8211; <a href=\"https:\/\/www.youtube.com\/watch?si=4r94LaoLdKN6Y_Y3&amp;v=APtdukOIm8M&amp;feature=youtu.be\">Homo Erectus<\/a><\/li>\n<li>Rui Ponciano Cardoso &#8211; <a href=\"https:\/\/www.youtube.com\/watch?v=0Oj_zFw0gTw\">S\u00f3 Amanhece<\/a><\/li>\n<li>Jos\u00e9 L\u00facio Xavier Junior &#8211; <a href=\"https:\/\/www.youtube.com\/watch?v=t_oHxCaEDpY&amp;list=RDt_oHxCaEDpY&amp;start_radio=1\">Eu N\u00e3o Sou<\/a><\/li>\n<li>Belizio Feitosa Beserra &#8211; <a href=\"https:\/\/www.youtube.com\/watch?v=pVep6eDZxT4\">CallMaria<\/a>(vencedor regional)<\/li>\n<li>Ederson Marques &#8211; <a href=\"https:\/\/www.youtube.com\/watch?v=QE9MB1fUSkw\">Nosso Primeiro Encontro<\/a><\/li>\n<li>Daniel Pereira e Danilo Batista &#8211; <a href=\"https:\/\/www.youtube.com\/watch?v=FBk4YDAoatA\">N\u00e3o Precisa Ser Assim<\/a>\u00a0 (finalista)<\/li>\n<\/ul>\n<p><strong>&#8211; FEDERAL RIO DE JANEIRO<\/strong><\/p>\n<ul>\n<li>Lester &#8211; <a href=\"https:\/\/www.youtube.com\/watch?v=A5YB5HGrKWw\">E A\u00ed Meu Irm\u00e3o?!<\/a> (2\u00ba lugar)<\/li>\n<li>T\u00e1ssia Braga da Silva &#8211; <a href=\"https:\/\/www.youtube.com\/watch?v=eEa4FVlJTAs\">Pelo Avesso<\/a><\/li>\n<li>Enilson Ant\u00f4nio do Nascimento &#8211; <a href=\"https:\/\/www.youtube.com\/watch?v=eZQeL8XcT58\">Na Forma da Can\u00e7\u00e3o<\/a><\/li>\n<li>Leonardo Stockler &#8211; <a href=\"https:\/\/www.youtube.com\/watch?v=1S34Old23Ug\">All in My Hands<\/a><\/li>\n<\/ul>\n<p><strong>&#8211; FETRAF RJ E ESP\u00cdRITO SANTO<\/strong><\/p>\n<ul>\n<li>Jos\u00e9 Tarc\u00edsio Pelegrini &#8211; <a href=\"https:\/\/www.youtube.com\/watch?v=Y4kJ6kYWKrY\">O Beco<\/a> (5\u00ba lugar)<\/li>\n<li>Carlos Celso Piassi e Ant\u00f4nio Carlos De Bone &#8211; <a href=\"https:\/\/www.youtube.com\/watch?v=4wj0DS8leAA\">Sol da Tarde<\/a><\/li>\n<\/ul>\n<p><strong>&#8211; FETRAFI MINAS GERAIS<\/strong><\/p>\n<ul>\n<li>Paulo Murad Rodrigues &#8211; <a href=\"https:\/\/www.youtube.com\/watch?v=ixwi-n_pevk\">Sol de Abril<\/a><\/li>\n<li>Marcelo Justa e Luciano S\u00e1 &#8211; <a href=\"https:\/\/www.youtube.com\/watch?v=T9AHHaJYLNc\">Betes e Betos<\/a><\/li>\n<li>Gerson Retondaro Demolinari &#8211; <a href=\"https:\/\/www.youtube.com\/watch?v=C4Cyz9Get_A\">O Grande Mestre<\/a><\/li>\n<li>Bruna Marl\u00ecere, Thiago, Laura Concei\u00e7\u00e3o &#8211; <a href=\"https:\/\/www.youtube.com\/watch?v=_e7XhB5nnZo\">N\u00e3o \u00e9 um Assalto<\/a>\u00a0 (1\u00ba lugar)<\/li>\n<\/ul>\n<p><strong>&#8211; FETEC CENTRO-NORTE<\/strong><\/p>\n<ul>\n<li>Ivan Nunes Moraes de Melo &#8211; <a href=\"https:\/\/www.youtube.com\/watch?v=IIojLuwAu_Q\">Viagem de um Caboclo<\/a><\/li>\n<li>Andrea Aiko &#8211; <a href=\"https:\/\/www.youtube.com\/watch?v=vgLCu1PhBZ0\">Eu Quero \u00c9 Paz <\/a>(finalista)<\/li>\n<li>Vanessa Pinheiro &#8211; <a href=\"https:\/\/www.youtube.com\/watch?v=vXL0lkGFQRE\">Filhos da Terra <\/a>(3\u00ba lugar e vencedora regional)<\/li>\n<li>Marco Antonio Andrade Mendes Piva &#8211; <a href=\"https:\/\/www.youtube.com\/watch?v=0XVFU34_XSc\">For\u00e7a Motriz<\/a><\/li>\n<li>Cleober Alves Oliveira &#8211; <a href=\"https:\/\/www.youtube.com\/watch?v=-31wD8-x8nM\">Tenho a Sensac\u00e3o<\/a> (sem nome de m\u00fasica na ficha)<\/li>\n<\/ul>\n<p><strong>&#8211; FEEB SP-MS<\/strong><\/p>\n<ul>\n<li>Leandro Martim Isola &#8211; <a href=\"https:\/\/www.youtube.com\/watch?v=aX3MPJUkzeI\">Tudo Errado<\/a>(finalista)<\/li>\n<\/ul>\n<p><strong>&#8211; FETRAFI NORDESTE &#8211; PERNAMBUCO<\/strong><\/p>\n<ul>\n<li>Wilson Paulo Magalh\u00e3es &#8211; <a href=\"https:\/\/www.youtube.com\/watch?v=i8KkarrNhjQ\">Resist\u00eancia<\/a><\/li>\n<li>Ana Paula Honorato e Wagner H. da Silva &#8211; <a href=\"https:\/\/www.youtube.com\/watch?v=5r1wAP38hQw\">Amor Despercebido<\/a><\/li>\n<li>Paulo Ara\u00fajo &#8211; O<a href=\"https:\/\/www.youtube.com\/watch?v=8-KUN1p_dkQ\"> Querubim<\/a> (vencedor regional)<\/li>\n<li>Adriano Jos\u00e9 da Silva &#8211; <a href=\"https:\/\/www.youtube.com\/watch?v=GQ_x5ex_F7Y\">Teimoso Cora\u00e7\u00e3o<\/a><\/li>\n<li>Camila Ribeiro Andrade &#8211; <a href=\"https:\/\/www.youtube.com\/watch?v=YgV6LLzqnzw&amp;list=RDYgV6LLzqnzw&amp;start_radio=1\">Jogo Duplo<\/a>(finalista)<\/li>\n<li>Jo\u00e3o Nascimento Souza &#8211; <a href=\"https:\/\/www.youtube.com\/watch?v=Jufc4HBIx2Y\">Querelas dos Brasis<\/a><\/li>\n<li>Aristeu Casimiro \/ Deoberto Lopes &#8211; <a href=\"https:\/\/www.youtube.com\/watch?v=KLxsn8kBMi0\">Tentar<\/a><\/li>\n<li>Thayne Leite &#8211; <a href=\"https:\/\/www.youtube.com\/watch?v=MlhDHAFZl10\">Nasci pra te Adorar<\/a><\/li>\n<\/ul>\n<p><strong>&#8211; FEEB BA-SE<\/strong><\/p>\n<ul>\n<li>Gilton Della Cella &#8211; <a href=\"https:\/\/www.youtube.com\/watch?v=vXuCvSZXQto\">Pagando o Pato<\/a><\/li>\n<li>Rodrigo Cordeiro de Oliveira &#8211; <a href=\"https:\/\/www.youtube.com\/watch?v=rnRKgZVZmYM\">Foi a Cor<\/a><\/li>\n<li>Danilo Jos\u00e9 Figueiredo Santos &#8211; <a href=\"https:\/\/www.youtube.com\/watch?v=w4LAk-FYzWc\">Propaganda<\/a>\u00a0 (finalista)<\/li>\n<\/ul>\n<p>O Festival de M\u00fasica Autoral da Contraf-CUT reafirma a import\u00e2ncia de dar voz \u00e0 cultura popular e \u00e0 arte produzida dentro do movimento sindical. Parabenizamos todas as inscritas e inscritos por compartilharem suas hist\u00f3rias e sonoridades conosco!<\/p>\n<p><strong>Fonte: Contraf-CUT<\/strong><\/p>\n","protected":false},"excerpt":{"rendered":"<p>Com 44 inscri\u00e7\u00f5es de todas as regi\u00f5es do pa\u00eds, o 2\u00ba Festival Nacional de M\u00fasica Autoral da Confedera\u00e7\u00e3o Nacional dos Trabalhadores do Ramo Financeiro (Contraf-CUT) chegou ao fim com uma grande participa\u00e7\u00e3o popular e destaque para a diversidade cultural dos banc\u00e1rios e banc\u00e1rias. Com patroc\u00ednio da Federa\u00e7\u00e3o Nacional das Associa\u00e7\u00f5es do Pessoal da Caixa Econ\u00f4mica [&hellip;]<\/p>\n","protected":false},"author":2,"featured_media":16643,"comment_status":"","ping_status":"","sticky":false,"template":"","format":"standard","meta":{"footnotes":""},"categories":[3],"tags":[],"class_list":["post-16644","post","type-post","status-publish","format-standard","has-post-thumbnail","hentry","category-noticias"],"_links":{"self":[{"href":"https:\/\/hostnetart.com.br\/baixada\/wp-json\/wp\/v2\/posts\/16644","targetHints":{"allow":["GET"]}}],"collection":[{"href":"https:\/\/hostnetart.com.br\/baixada\/wp-json\/wp\/v2\/posts"}],"about":[{"href":"https:\/\/hostnetart.com.br\/baixada\/wp-json\/wp\/v2\/types\/post"}],"author":[{"embeddable":true,"href":"https:\/\/hostnetart.com.br\/baixada\/wp-json\/wp\/v2\/users\/2"}],"replies":[{"embeddable":true,"href":"https:\/\/hostnetart.com.br\/baixada\/wp-json\/wp\/v2\/comments?post=16644"}],"version-history":[{"count":0,"href":"https:\/\/hostnetart.com.br\/baixada\/wp-json\/wp\/v2\/posts\/16644\/revisions"}],"wp:featuredmedia":[{"embeddable":true,"href":"https:\/\/hostnetart.com.br\/baixada\/wp-json\/wp\/v2\/media\/16643"}],"wp:attachment":[{"href":"https:\/\/hostnetart.com.br\/baixada\/wp-json\/wp\/v2\/media?parent=16644"}],"wp:term":[{"taxonomy":"category","embeddable":true,"href":"https:\/\/hostnetart.com.br\/baixada\/wp-json\/wp\/v2\/categories?post=16644"},{"taxonomy":"post_tag","embeddable":true,"href":"https:\/\/hostnetart.com.br\/baixada\/wp-json\/wp\/v2\/tags?post=16644"}],"curies":[{"name":"wp","href":"https:\/\/api.w.org\/{rel}","templated":true}]}}