{"id":16638,"date":"2025-08-07T18:24:28","date_gmt":"2025-08-07T21:24:28","guid":{"rendered":"https:\/\/hostnetart.com.br\/baixada\/congresso-dos-funcionarios-do-banco-do-brasil-acontece-nos-dias-21-e-22-de-agosto-em-sao-paulo\/"},"modified":"2025-08-07T18:24:28","modified_gmt":"2025-08-07T21:24:28","slug":"congresso-dos-funcionarios-do-banco-do-brasil-acontece-nos-dias-21-e-22-de-agosto-em-sao-paulo","status":"publish","type":"post","link":"https:\/\/hostnetart.com.br\/baixada\/congresso-dos-funcionarios-do-banco-do-brasil-acontece-nos-dias-21-e-22-de-agosto-em-sao-paulo\/","title":{"rendered":"Congresso dos Funcion\u00e1rios do Banco do Brasil acontece nos dias 21 e 22 de agosto em S\u00e3o Paulo"},"content":{"rendered":"<\/p>\n<p>O 35\u00ba Congresso Nacional dos Funcion\u00e1rios do Banco do Brasil ser\u00e1 realizado nos dias 21 e 22 de agosto, no Holiday Inn Parque Anhembi, em S\u00e3o Paulo. Com o lema \u201cFuturo justo, sustent\u00e1vel, inclusivo e democr\u00e1tico. BB fortalecendo o Brasil! Sempre!\u201d, o encontro reunir\u00e1 banc\u00e1rias e banc\u00e1rios de todo o pa\u00eds para debater temas fundamentais como o papel do Banco do Brasil no desenvolvimento nacional, os planos de sa\u00fade e previd\u00eancia dos funcion\u00e1rios, e os desafios da categoria frente ao cen\u00e1rio pol\u00edtico e econ\u00f4mico atual.<\/p>\n<p>O congresso ser\u00e1 realizado de forma presencial e tem como objetivo construir propostas e fortalecer a organiza\u00e7\u00e3o dos trabalhadores, especialmente em um momento decisivo para a manuten\u00e7\u00e3o e amplia\u00e7\u00e3o dos direitos da categoria.<\/p>\n<p>A coordenadora da Comiss\u00e3o de Empresa dos Funcion\u00e1rios do Banco do Brasil (CEBB), Fernanda Lopes, destaca a import\u00e2ncia do congresso como espa\u00e7o de resist\u00eancia, reflex\u00e3o e constru\u00e7\u00e3o coletiva. \u201cO Banco do Brasil \u00e9 um patrim\u00f4nio do povo brasileiro, e esse congresso \u00e9 uma oportunidade de reafirmarmos nosso compromisso com um banco p\u00fablico forte, a servi\u00e7o da sociedade. Tamb\u00e9m ser\u00e1 o momento de discutirmos temas urgentes, como o custeio da CASSI, a gest\u00e3o da PREVI e a valoriza\u00e7\u00e3o dos trabalhadores do BB. O futuro que queremos passa por uma atua\u00e7\u00e3o firme e articulada da nossa categoria\u201d, afirmou Fernanda.<\/p>\n<p>A abertura do congresso ocorrer\u00e1 em conjunto com os encontros nacionais dos trabalhadores da Caixa Econ\u00f4mica Federal, Banco do Nordeste do Brasil (BNB) e Banco da Amaz\u00f4nia, refor\u00e7ando a unidade da classe trabalhadora do sistema financeiro p\u00fablico.<\/p>\n<h2>Confira abaixo a programa\u00e7\u00e3o completa:<\/h2>\n<h2><strong>PROGRAMA\u00c7\u00c3O<\/strong><\/h2>\n<p><strong>35\u00ba Congresso Nacional dos Funcion\u00e1rios do Banco do Brasil<\/strong><br \/>21 e 22 de agosto de 2025<br \/>Holiday Inn Parque Anhembi \u2013 S\u00e3o Paulo<br \/>\ufe0fTema: \u201cFuturo justo, sustent\u00e1vel, inclusivo e democr\u00e1tico. BB fortalecendo o Brasil! Sempre!\u201d<\/p>\n<p><strong>21 de agosto de 2025 \u2013 quinta-feira<\/strong><\/p>\n<p>14h \u00e0s 20h \u2013 Credenciamento presencial de delegados(as) e convidados(as)<br \/>18h \u2013 Abertura solene conjunta dos congressos nacionais dos bancos p\u00fablicos<br \/>\ufe0f21h \u2013 Jantar\u00a0<\/p>\n<p><strong>22 de agosto de 2025 \u2013 sexta-feira<\/strong><\/p>\n<p>08h \u00e0s 12h \u2013 Continuidade do credenciamento presencial<br \/>09h \u00e0s 09h50 \u2013 Leitura e vota\u00e7\u00e3o do Regimento Interno; leitura do manifesto da Contraf-CUT de toler\u00e2ncia zero \u00e0 viol\u00eancia e ass\u00e9dio; falas das centrais sindicais e for\u00e7as pol\u00edticas<br \/>10h \u00e0s 11h30 \u2013 Mesa 1: An\u00e1lise de conjuntura e o papel do Banco do Brasil<br \/>11h35 \u00e0s 13h \u2013 Mesa 2: PREVI<br \/>13h15 \u00e0s 14h10 \u2013 Intervalo para almo\u00e7o<br \/>14h15 \u00e0s 15h30 \u2013 Mesa 3: Sa\u00fade e as negocia\u00e7\u00f5es do custeio da CASSI<br \/>15h35 \u00e0s 17h30 \u2013 Plen\u00e1ria final<\/p>\n<p><strong>Fonte: Contraf-CUT<\/strong><\/p>\n","protected":false},"excerpt":{"rendered":"<p>O 35\u00ba Congresso Nacional dos Funcion\u00e1rios do Banco do Brasil ser\u00e1 realizado nos dias 21 e 22 de agosto, no Holiday Inn Parque Anhembi, em S\u00e3o Paulo. Com o lema \u201cFuturo justo, sustent\u00e1vel, inclusivo e democr\u00e1tico. BB fortalecendo o Brasil! Sempre!\u201d, o encontro reunir\u00e1 banc\u00e1rias e banc\u00e1rios de todo o pa\u00eds para debater temas fundamentais [&hellip;]<\/p>\n","protected":false},"author":2,"featured_media":16637,"comment_status":"","ping_status":"","sticky":false,"template":"","format":"standard","meta":{"footnotes":""},"categories":[3],"tags":[],"class_list":["post-16638","post","type-post","status-publish","format-standard","has-post-thumbnail","hentry","category-noticias"],"_links":{"self":[{"href":"https:\/\/hostnetart.com.br\/baixada\/wp-json\/wp\/v2\/posts\/16638","targetHints":{"allow":["GET"]}}],"collection":[{"href":"https:\/\/hostnetart.com.br\/baixada\/wp-json\/wp\/v2\/posts"}],"about":[{"href":"https:\/\/hostnetart.com.br\/baixada\/wp-json\/wp\/v2\/types\/post"}],"author":[{"embeddable":true,"href":"https:\/\/hostnetart.com.br\/baixada\/wp-json\/wp\/v2\/users\/2"}],"replies":[{"embeddable":true,"href":"https:\/\/hostnetart.com.br\/baixada\/wp-json\/wp\/v2\/comments?post=16638"}],"version-history":[{"count":0,"href":"https:\/\/hostnetart.com.br\/baixada\/wp-json\/wp\/v2\/posts\/16638\/revisions"}],"wp:featuredmedia":[{"embeddable":true,"href":"https:\/\/hostnetart.com.br\/baixada\/wp-json\/wp\/v2\/media\/16637"}],"wp:attachment":[{"href":"https:\/\/hostnetart.com.br\/baixada\/wp-json\/wp\/v2\/media?parent=16638"}],"wp:term":[{"taxonomy":"category","embeddable":true,"href":"https:\/\/hostnetart.com.br\/baixada\/wp-json\/wp\/v2\/categories?post=16638"},{"taxonomy":"post_tag","embeddable":true,"href":"https:\/\/hostnetart.com.br\/baixada\/wp-json\/wp\/v2\/tags?post=16638"}],"curies":[{"name":"wp","href":"https:\/\/api.w.org\/{rel}","templated":true}]}}