{"id":16636,"date":"2025-08-07T18:23:29","date_gmt":"2025-08-07T21:23:29","guid":{"rendered":"https:\/\/hostnetart.com.br\/baixada\/40-congresso-nacional-dos-empregados-da-caixa-sera-realizado-em-agosto\/"},"modified":"2025-08-07T18:23:29","modified_gmt":"2025-08-07T21:23:29","slug":"40-congresso-nacional-dos-empregados-da-caixa-sera-realizado-em-agosto","status":"publish","type":"post","link":"https:\/\/hostnetart.com.br\/baixada\/40-congresso-nacional-dos-empregados-da-caixa-sera-realizado-em-agosto\/","title":{"rendered":"40\u00ba Congresso Nacional dos Empregados da Caixa ser\u00e1 realizado em agosto"},"content":{"rendered":"<\/p>\n<p>Empregadas e empregados da Caixa Econ\u00f4mica Federal de todo o pa\u00eds v\u00e3o se reunir, em S\u00e3o Paulo, nos dias 21 e 22 de agosto para debater sobre as principais quest\u00f5es do cotidiano de trabalho nas ag\u00eancias e departamentos do banco. Ser\u00e1 o 40\u00ba Congresso Nacional dos Empregados da Caixa (Concef).<\/p>\n<p>\u201cDebater sobre o dia a dia dos trabalhadores da Caixa vai muito al\u00e9m do corporativismo. Envolvem quest\u00f5es relacionadas \u00e0 pol\u00edtica habitacional do pa\u00eds e a execu\u00e7\u00e3o de todos os programas de assist\u00eancia social do governo federal, e at\u00e9 sobre o papel do Sistema Financeiro Nacional\u201d, disse Felipe Pacheco, coordenador da Comiss\u00e3o Executiva dos Empregados (CEE) da Caixa, que auxilia o Comando Nacional dos Banc\u00e1rios e a Contraf-CUT nas rela\u00e7\u00f5es sindicais entre os trabalhadores da Caixa e o banco.<\/p>\n<p>\u201cPor isso, sempre dizemos que a realiza\u00e7\u00e3o anual do Conecef n\u00e3o \u00e9 apenas uma formalidade. Trata-se de um espa\u00e7o estrat\u00e9gico de debate e constru\u00e7\u00e3o coletiva de pol\u00edticas p\u00fablicas para todo o pa\u00eds, al\u00e9m do fortalecimento da luta das empregadas e empregados da Caixa e de toda a categoria banc\u00e1ria\u201d, completou Felipe.<\/p>\n<p>Os debates que ser\u00e3o realizados no 40\u00ba Conecef foram precedidos por encontros estaduais de empregadas e empregados da Caixa e, ao final do Congresso, ser\u00e3o aprovadas resolu\u00e7\u00f5es que balizar\u00e3o as atividades sindicais do pessoal da Caixa em todo pa\u00eds e as mesas permanentes de negocia\u00e7\u00f5es.<\/p>\n<h2><strong>Subs\u00eddios<\/strong><\/h2>\n<p>Para realizar debates t\u00e3o importantes para as empregadas e empregados e para o pa\u00eds, os delegados do 40\u00ba Conecef contar\u00e3o com dados de um caderno de subs\u00eddios elaborado pela Federa\u00e7\u00e3o Nacional das Associa\u00e7\u00f5es do Pessoal da Caixa (Fenae), em parceria com o Departamento Intersindical de Estat\u00edstica e Estudos Socioecon\u00f4micos (Dieese).<\/p>\n<p><strong>&gt;&gt;&gt;&gt;&gt;<\/strong> <a href=\"https:\/\/www.fenae.org.br\/portal\/data\/files\/CA\/56\/24\/57\/3C678910010E1589403A91A8\/Caderno-Subsidios-2025-WEB.pdf\" target=\"_blank\" rel=\"noopener noreferrer\">Leia o Caderno de Subs\u00eddio<\/a><\/p>\n<p>\u201cOs dados permitem que os delegados tenham um panorama geral da atua\u00e7\u00e3o financeira e social da Caixa e de sua import\u00e2ncia para o desenvolvimento regional e a inclus\u00e3o banc\u00e1ria, principalmente da popula\u00e7\u00e3o mais carente, com presen\u00e7a em praticamente todo o pa\u00eds, permitindo que todos os cidad\u00e3os tenham acesso aos servi\u00e7os banc\u00e1rios\u201d, explicou o presidente da Fenae, Sergio Takemoto. \u201cGarantir esta base s\u00f3lida de informa\u00e7\u00f5es \u00e9 fundamental para o aprofundamento dos debates e a aprova\u00e7\u00e3o de resolu\u00e7\u00f5es que contribuam com a solu\u00e7\u00e3o de problemas enfrentados pelos empregados, pelo banco e pelo pa\u00eds\u201d, completou.<\/p>\n<h2><strong>40\u00ba Conecef<\/strong><\/h2>\n<p><strong><em>Futuro justo, sustent\u00e1vel, inclusivo e democr\u00e1tico. Caixa 100% P\u00fablica!<\/em><\/strong><\/p>\n<p><strong><em>21 e 22 de agosto de 2025<\/em><\/strong><\/p>\n<p><strong>PROGRAMA\u00c7\u00c3O<\/strong><\/p>\n<p><strong>21 de agosto: quinta-feira<\/strong><br \/><strong>10h \u2013 18h I<\/strong> Credenciamento presencial de delegados e delegadas inscritos e convidados(as)<br \/><strong>13h \u2013 13h30 I<\/strong> Leitura e vota\u00e7\u00e3o do Regimento Interno do 40\u00ba CONECEF e leitura do manifesto da Contraf-CUT de toler\u00e2ncia zero para casos de viol\u00eancia e ass\u00e9dio<br \/><strong>13h30 \u2013 16h30 I<\/strong> Grupos de trabalho \u2013 Sa\u00fade Caixa, Funcef, Condi\u00e7\u00f5es de Trabalho e Defesa da Caixa 100% p\u00fablica<br \/><strong>18h I<\/strong> Abertura solene conjunta do 40\u00ba Congresso Nacional dos Empregados da Caixa; 35\u00ba Congresso Nacional dos Funcion\u00e1rios do Banco do Brasil; 30\u00ba Congresso Nacional dos Funcion\u00e1rios do Banco do Nordeste do Brasil e 17\u00ba Congresso dos Funcion\u00e1rios do Banco da Amaz\u00f4nia.<\/p>\n<p><strong>22 de agosto: sexta-feira<\/strong><br \/><strong>9h15 \u2013 10h15 I<\/strong> Apresenta\u00e7\u00e3o e defesa das teses das centrais sindicais e das for\u00e7as pol\u00edticas<br \/><strong>10h15 \u2013 11h45 I<\/strong> Mesa 1 \u2013 Sa\u00fade Caixa, Sa\u00fade e Condi\u00e7\u00f5es de Trabalho<br \/><strong>11h45 \u2013 13h I<\/strong> Mesa 2 \u2013 Intelig\u00eancia Artificial, Bancos Digitais e Futuro da Caixa<\/p>\n<p><strong>13h \u2013 14h I<\/strong> Intervalo para almo\u00e7o<\/p>\n<p><strong>14h \u2013 15h30 I<\/strong> Mesa 3 \u2013 Funcef e Defesa da Caixa 100% P\u00fablica<br \/><strong>15h30 \u2013 17h30<\/strong>\u00a0<strong>I<\/strong>\u00a0Plen\u00e1ria final<\/p>\n<p><strong>Fonte: Contraf-CUT<\/strong><\/p>\n","protected":false},"excerpt":{"rendered":"<p>Empregadas e empregados da Caixa Econ\u00f4mica Federal de todo o pa\u00eds v\u00e3o se reunir, em S\u00e3o Paulo, nos dias 21 e 22 de agosto para debater sobre as principais quest\u00f5es do cotidiano de trabalho nas ag\u00eancias e departamentos do banco. Ser\u00e1 o 40\u00ba Congresso Nacional dos Empregados da Caixa (Concef). \u201cDebater sobre o dia a [&hellip;]<\/p>\n","protected":false},"author":2,"featured_media":16635,"comment_status":"","ping_status":"","sticky":false,"template":"","format":"standard","meta":{"footnotes":""},"categories":[3],"tags":[],"class_list":["post-16636","post","type-post","status-publish","format-standard","has-post-thumbnail","hentry","category-noticias"],"_links":{"self":[{"href":"https:\/\/hostnetart.com.br\/baixada\/wp-json\/wp\/v2\/posts\/16636","targetHints":{"allow":["GET"]}}],"collection":[{"href":"https:\/\/hostnetart.com.br\/baixada\/wp-json\/wp\/v2\/posts"}],"about":[{"href":"https:\/\/hostnetart.com.br\/baixada\/wp-json\/wp\/v2\/types\/post"}],"author":[{"embeddable":true,"href":"https:\/\/hostnetart.com.br\/baixada\/wp-json\/wp\/v2\/users\/2"}],"replies":[{"embeddable":true,"href":"https:\/\/hostnetart.com.br\/baixada\/wp-json\/wp\/v2\/comments?post=16636"}],"version-history":[{"count":0,"href":"https:\/\/hostnetart.com.br\/baixada\/wp-json\/wp\/v2\/posts\/16636\/revisions"}],"wp:featuredmedia":[{"embeddable":true,"href":"https:\/\/hostnetart.com.br\/baixada\/wp-json\/wp\/v2\/media\/16635"}],"wp:attachment":[{"href":"https:\/\/hostnetart.com.br\/baixada\/wp-json\/wp\/v2\/media?parent=16636"}],"wp:term":[{"taxonomy":"category","embeddable":true,"href":"https:\/\/hostnetart.com.br\/baixada\/wp-json\/wp\/v2\/categories?post=16636"},{"taxonomy":"post_tag","embeddable":true,"href":"https:\/\/hostnetart.com.br\/baixada\/wp-json\/wp\/v2\/tags?post=16636"}],"curies":[{"name":"wp","href":"https:\/\/api.w.org\/{rel}","templated":true}]}}