{"id":16624,"date":"2025-08-05T13:29:34","date_gmt":"2025-08-05T16:29:34","guid":{"rendered":"https:\/\/hostnetart.com.br\/baixada\/funcionaria-do-bradesco-e-reintegrada-pelo-sindicato-dos-bancarios-da-baixada-fluminense-3\/"},"modified":"2025-08-05T13:29:34","modified_gmt":"2025-08-05T16:29:34","slug":"funcionaria-do-bradesco-e-reintegrada-pelo-sindicato-dos-bancarios-da-baixada-fluminense-3","status":"publish","type":"post","link":"https:\/\/hostnetart.com.br\/baixada\/funcionaria-do-bradesco-e-reintegrada-pelo-sindicato-dos-bancarios-da-baixada-fluminense-3\/","title":{"rendered":"Funcion\u00e1ria do Bradesco \u00e9 reintegrada pelo Sindicato dos Banc\u00e1rios da Baixada Fluminense"},"content":{"rendered":"<p>Mais uma funcion\u00e1ria do Banco Bradesco foi reintegrada pelo Sindicato dos Banc\u00e1rios da Baixada Fluminense, nesta ter\u00e7a-feira, 5 de agosto.<\/p>\n<p>ENTENDA<\/p>\n<p>Silvana Gon\u00e7alves, banc\u00e1ria da ag\u00eancia 0406, no Centro de Nova Igua\u00e7u, teve sua demiss\u00e3o cancelada em 2020. E voltou a ser demitida, agora, em abril de 2025.\u00a0E foi reintegrada ao entrar com pedido de reintegra\u00e7\u00e3o por doen\u00e7a ocupacional.<\/p>\n<p>A trabalhadora \u00e9 sindicalizada e teve, desde o in\u00edcio de todo este processo, suporte e atendimento do Departamento Jur\u00eddico do Sindicato, atrav\u00e9s do advogado Luiz Paulo, do Escrit\u00f3rio Baptista &amp; Reis Advogados Associados, e pelo Departamento de Sa\u00fade.<\/p>\n<p>A reintegra\u00e7\u00e3o foi acompanhada pelos Diretores Fernando Correia, Renata Soeiro e Elizabeth Paradela.<\/p>\n<p><strong>IMPORTANTE<\/strong><\/p>\n<p>\u00c9 fundamental que banc\u00e1rias e banc\u00e1rios, logo que sejam informados de suas demiss\u00f5es, procurem imediatamente atendimento no Sindicato.<\/p>\n<p><b>ATENDIMENTO JUR\u00cdDICO PRESENCIAL<\/b><\/p>\n<p>Nova Igua\u00e7u\u00a0&#8211; \u00e0s\u00a0<em><strong>ter\u00e7as-feiras<\/strong><\/em>, das 11 horas\u00a0<span dir=\"ltr\">\u00e0 13 horas\u00a0<\/span>e das 14 horas \u00e0s 17 horas (telefone:\u00a0<span dir=\"ltr\"><a href=\"tel:21 \/ 2658-8041\">21 \/ 2658-8041<\/a><\/span>)<\/p>\n<p>Duque de Caxias\u00a0&#8211; \u00e0s\u00a0<strong><em>quintas-feiras<\/em><\/strong>, das 10 horas \u00e0s 13 horas (telefone:\u00a0<span dir=\"ltr\"><a href=\"tel:21 \/ 26710-110\">21 \/ 26710-110<\/a><\/span>)<\/p>\n<p><b>SINDICALIZE-SE!<\/b><\/p>\n","protected":false},"excerpt":{"rendered":"<p>Mais uma funcion\u00e1ria do Banco Bradesco foi reintegrada pelo Sindicato dos Banc\u00e1rios da Baixada Fluminense, nesta ter\u00e7a-feira, 5 de agosto. ENTENDA Silvana Gon\u00e7alves, banc\u00e1ria da ag\u00eancia 0406, no Centro de Nova Igua\u00e7u, teve sua demiss\u00e3o cancelada em 2020. E voltou a ser demitida, agora, em abril de 2025.\u00a0E foi reintegrada ao entrar com pedido de [&hellip;]<\/p>\n","protected":false},"author":2,"featured_media":16623,"comment_status":"","ping_status":"","sticky":false,"template":"","format":"standard","meta":{"footnotes":""},"categories":[3],"tags":[],"class_list":["post-16624","post","type-post","status-publish","format-standard","has-post-thumbnail","hentry","category-noticias"],"_links":{"self":[{"href":"https:\/\/hostnetart.com.br\/baixada\/wp-json\/wp\/v2\/posts\/16624","targetHints":{"allow":["GET"]}}],"collection":[{"href":"https:\/\/hostnetart.com.br\/baixada\/wp-json\/wp\/v2\/posts"}],"about":[{"href":"https:\/\/hostnetart.com.br\/baixada\/wp-json\/wp\/v2\/types\/post"}],"author":[{"embeddable":true,"href":"https:\/\/hostnetart.com.br\/baixada\/wp-json\/wp\/v2\/users\/2"}],"replies":[{"embeddable":true,"href":"https:\/\/hostnetart.com.br\/baixada\/wp-json\/wp\/v2\/comments?post=16624"}],"version-history":[{"count":0,"href":"https:\/\/hostnetart.com.br\/baixada\/wp-json\/wp\/v2\/posts\/16624\/revisions"}],"wp:featuredmedia":[{"embeddable":true,"href":"https:\/\/hostnetart.com.br\/baixada\/wp-json\/wp\/v2\/media\/16623"}],"wp:attachment":[{"href":"https:\/\/hostnetart.com.br\/baixada\/wp-json\/wp\/v2\/media?parent=16624"}],"wp:term":[{"taxonomy":"category","embeddable":true,"href":"https:\/\/hostnetart.com.br\/baixada\/wp-json\/wp\/v2\/categories?post=16624"},{"taxonomy":"post_tag","embeddable":true,"href":"https:\/\/hostnetart.com.br\/baixada\/wp-json\/wp\/v2\/tags?post=16624"}],"curies":[{"name":"wp","href":"https:\/\/api.w.org\/{rel}","templated":true}]}}