{"id":16622,"date":"2025-08-05T13:28:39","date_gmt":"2025-08-05T16:28:39","guid":{"rendered":"https:\/\/hostnetart.com.br\/baixada\/contraf-cut-repudia-acao-do-santander-contra-sindicato-de-bh-e-denuncia-pratica-antissindical\/"},"modified":"2025-08-05T13:28:39","modified_gmt":"2025-08-05T16:28:39","slug":"contraf-cut-repudia-acao-do-santander-contra-sindicato-de-bh-e-denuncia-pratica-antissindical","status":"publish","type":"post","link":"https:\/\/hostnetart.com.br\/baixada\/contraf-cut-repudia-acao-do-santander-contra-sindicato-de-bh-e-denuncia-pratica-antissindical\/","title":{"rendered":"Contraf-CUT repudia a\u00e7\u00e3o do Santander contra Sindicato de BH e denuncia pr\u00e1tica antissindical"},"content":{"rendered":"<p>A Confedera\u00e7\u00e3o Nacional dos Trabalhadores do Ramo Financeiro (Contraf-CUT) manifesta total solidariedade ao Sindicato dos Empregados em Estabelecimentos Banc\u00e1rios de Belo Horizonte e Regi\u00e3o (Seeb-BH) diante da absurda investida judicial promovida pelo Banco Santander. A dire\u00e7\u00e3o do banco acionou judicialmente o sindicato por conta de manifesta\u00e7\u00f5es leg\u00edtimas realizadas em defesa dos direitos das banc\u00e1rias e dos banc\u00e1rios.<\/p>\n<p>Para a Contraf-CUT, trata-se de uma clara tentativa de intimida\u00e7\u00e3o e de uma pr\u00e1tica antissindical grave, que precisa ser combatida com firmeza por todo o movimento sindical. A a\u00e7\u00e3o judicial individualizada, dirigida exclusivamente contra o Seeb-BH, escancara a persegui\u00e7\u00e3o e o objetivo de silenciar quem denuncia abusos e cobra responsabilidade da institui\u00e7\u00e3o.<\/p>\n<p>De acordo com Juvandia Moreira, presidenta da Contraf-CUT, \u201c\u00e9 inadmiss\u00edvel que um banco multinacional, que lucra bilh\u00f5es no Brasil todos os anos, utilize seu poder econ\u00f4mico para atacar uma entidade sindical que cumpre seu papel constitucional de representar os trabalhadores e denunciar injusti\u00e7as. Isso \u00e9 litig\u00e2ncia de m\u00e1-f\u00e9, persegui\u00e7\u00e3o e precisa ser tratado com a devida seriedade pelo Comando Nacional. O Santander ultrapassou todos os limites.\u201d<\/p>\n<p>A Contraf-CUT discute com a Comiss\u00e3o de Organiza\u00e7\u00e3o dos Empregados (COE) do Santander e com o Comando Nacional dos Banc\u00e1rios as medidas a serem adotadas diante desse ataque. A Confedera\u00e7\u00e3o refor\u00e7a que n\u00e3o aceitar\u00e1 retrocessos nem intimida\u00e7\u00f5es e seguir\u00e1 firme na defesa da liberdade sindical e dos direitos da categoria banc\u00e1ria.<\/p>\n<p><strong>Fonte: Contraf-CUT<\/strong><\/p>\n","protected":false},"excerpt":{"rendered":"<p>A Confedera\u00e7\u00e3o Nacional dos Trabalhadores do Ramo Financeiro (Contraf-CUT) manifesta total solidariedade ao Sindicato dos Empregados em Estabelecimentos Banc\u00e1rios de Belo Horizonte e Regi\u00e3o (Seeb-BH) diante da absurda investida judicial promovida pelo Banco Santander. A dire\u00e7\u00e3o do banco acionou judicialmente o sindicato por conta de manifesta\u00e7\u00f5es leg\u00edtimas realizadas em defesa dos direitos das banc\u00e1rias e [&hellip;]<\/p>\n","protected":false},"author":2,"featured_media":16621,"comment_status":"","ping_status":"","sticky":false,"template":"","format":"standard","meta":{"footnotes":""},"categories":[3],"tags":[],"class_list":["post-16622","post","type-post","status-publish","format-standard","has-post-thumbnail","hentry","category-noticias"],"_links":{"self":[{"href":"https:\/\/hostnetart.com.br\/baixada\/wp-json\/wp\/v2\/posts\/16622","targetHints":{"allow":["GET"]}}],"collection":[{"href":"https:\/\/hostnetart.com.br\/baixada\/wp-json\/wp\/v2\/posts"}],"about":[{"href":"https:\/\/hostnetart.com.br\/baixada\/wp-json\/wp\/v2\/types\/post"}],"author":[{"embeddable":true,"href":"https:\/\/hostnetart.com.br\/baixada\/wp-json\/wp\/v2\/users\/2"}],"replies":[{"embeddable":true,"href":"https:\/\/hostnetart.com.br\/baixada\/wp-json\/wp\/v2\/comments?post=16622"}],"version-history":[{"count":0,"href":"https:\/\/hostnetart.com.br\/baixada\/wp-json\/wp\/v2\/posts\/16622\/revisions"}],"wp:featuredmedia":[{"embeddable":true,"href":"https:\/\/hostnetart.com.br\/baixada\/wp-json\/wp\/v2\/media\/16621"}],"wp:attachment":[{"href":"https:\/\/hostnetart.com.br\/baixada\/wp-json\/wp\/v2\/media?parent=16622"}],"wp:term":[{"taxonomy":"category","embeddable":true,"href":"https:\/\/hostnetart.com.br\/baixada\/wp-json\/wp\/v2\/categories?post=16622"},{"taxonomy":"post_tag","embeddable":true,"href":"https:\/\/hostnetart.com.br\/baixada\/wp-json\/wp\/v2\/tags?post=16622"}],"curies":[{"name":"wp","href":"https:\/\/api.w.org\/{rel}","templated":true}]}}