{"id":16620,"date":"2025-08-04T16:03:58","date_gmt":"2025-08-04T19:03:58","guid":{"rendered":"https:\/\/hostnetart.com.br\/baixada\/sindicato-participa-da-27-conferencia-interestadual-dos-trabalhadores-do-ramo-financeiro-do-rj-e-es\/"},"modified":"2025-08-04T16:03:58","modified_gmt":"2025-08-04T19:03:58","slug":"sindicato-participa-da-27-conferencia-interestadual-dos-trabalhadores-do-ramo-financeiro-do-rj-e-es","status":"publish","type":"post","link":"https:\/\/hostnetart.com.br\/baixada\/sindicato-participa-da-27-conferencia-interestadual-dos-trabalhadores-do-ramo-financeiro-do-rj-e-es\/","title":{"rendered":"Sindicato participa da 27\u00aa Confer\u00eancia Interestadual dos Trabalhadores do Ramo Financeiro do RJ e ES"},"content":{"rendered":"<\/p>\n<p>No \u00faltimo s\u00e1bado, 2 de agosto, ocorreu a <em><strong>27\u00aa Confer\u00eancia Interestadual dos Trabalhadores e Trabalhadoras do Ramo Financeiro dos Estados do Rio de Janeiro e Esp\u00edrito Santo<\/strong><\/em>, em Itaperuna, munic\u00edpio do Rio de Janeiro.<\/p>\n<p>O evento, promovido pela Federa\u00e7\u00e3o dos Trabalhadores do Ramo Financeiro dos Estados do Rio de Janeiro e Esp\u00edrito Santo (<strong>Fetraf RJ\/ES<\/strong>), que representa os Sindicatos dos Banc\u00e1rios de <strong>Angra dos Reis e Regi\u00e3o, Baixada Fluminense, Esp\u00edrito Santo, Itaperuna e Regi\u00e3o, Maca\u00e9 e Regi\u00e3o, Nova Friburgo e Regi\u00e3o e Tr\u00eas Rios e Regi\u00e3o<\/strong>, definiu as pautas, prioridades e propostas que ser\u00e3o levadas para a 27\u00aa Confer\u00eancia Nacional, que ser\u00e1 realizada de 22 a 24 de agosto.<\/p>\n<p>Foram apresentadas as propostas e teses, que foram aprovadas de forma un\u00e2nime.<\/p>\n<p>O Plebiscito Popular 2025, iniciativa de movimentos sociais e entidades sindicais para ouvir a popula\u00e7\u00e3o brasileira sobre temas urgentes e pressionar por, como o fim da escala 6\u00d71 e a taxa\u00e7\u00e3o dos super-ricos, tamb\u00e9m teve destaque no evento.<\/p>\n<p>Os resultados da Consulta Regional, realizada pela Fetraf RJ\/ES foram apresentados. E os impactos da tecnologia e terceiriza\u00e7\u00e3o no sistema financeiro, al\u00e9m da sa\u00fade do trabalhador banc\u00e1rio, estiveram em debate.<\/p>\n<p>Tamb\u00e9m foi definida a delega\u00e7\u00e3o que representar\u00e1 a Fetraf RJ\/ES no evento.<\/p>\n<p>Ao final da Confer\u00eancia, foi aprovada uma mo\u00e7\u00e3o em apoio ao Supremo Tribunal Federal (STF).<\/p>\n<p><strong>Confer\u00eancia<\/strong><\/p>\n<p>A 27\u00aa Confer\u00eancia teve a participa\u00e7\u00e3o de 180 delegados representando as bases sindicais do Esp\u00edrito Santo, Angra dos Reis, Baixada Fluminense, Itaperuna, Maca\u00e9, Nova Friburgo e Tr\u00eas Rios.<\/p>\n<p>A 27\u00aa Confer\u00eancia se destacou pelo grande n\u00famero de banc\u00e1rias e banc\u00e1rios presentes, tendo batido a meta de, pelo menos, 30% de mulheres, e pela enorme representa\u00e7\u00e3o de todos os Sindicatos filiados a nossa Federa\u00e7\u00e3o, demonstrando a qualidade pol\u00edtica das entidades que comp\u00f5em a Fetraf RJ\/ES.<\/p>\n<p>A mesa de abertura foi composta por Nilton Esperan\u00e7a, Presidente da Fetraf RJ\/ES; Claudio Mer\u00e7on, Secret\u00e1rio-Geral da Fetraf RJ\/ES; Renata Soeiro, coordenadora-geral do Sindicato dos Banc\u00e1rios da Baixada Fluminense; e Joanderson Gomes, do Sindicato dos Banc\u00e1rios de Itaperuna e Regi\u00e3o.<\/p>\n<p>Em seguida, Mauro Salles fez uma sauda\u00e7\u00e3o pela Contraf-CUT; Man\u00e9 Gabeira pela Intersindical; e Renata Soeiro pela CUT.<\/p>\n<p>\u201cNossa Confer\u00eancia foi um sucesso. \u00c9 motivo de orgulho, para mim e para todos os envolvidos, que um evento desse porte e import\u00e2ncia, tenha ocorrido de uma maneira impec\u00e1vel. Com uma participa\u00e7\u00e3o grande e efetiva de todos os Sindicatos filiados. Agora \u00e9 levar as nossas reivindica\u00e7\u00f5es para a Confer\u00eancia Nacional. Estaremos firmes e fortes representando cada regi\u00e3o que atendemos\u201d, comentou Nilton Esperan\u00e7a.<\/p>\n<p>Juvandia Moreira, presidenta da Confedera\u00e7\u00e3o Nacional dos Trabalhadores do Ramo Financeiro (Contraf-CUT), participou da Confer\u00eancia por v\u00eddeo, fazendo uma sauda\u00e7\u00e3o aos presentes.<\/p>\n<p><strong>Debates e Palestras<\/strong><\/p>\n<p>A 1\u00aa Mesa, composta por Bethania Emerick, Hudson Bretas e Newton Fran\u00e7a, debateu tecnologia\/terceiriza\u00e7\u00e3o e seus impactos no sistema financeiro, movimento sindical e no trabalho dos banc\u00e1rios.<\/p>\n<p>O palestrante foi Fernando Benfica, T\u00e9cnico do DIEESE Rio, que tamb\u00e9m abriu debate e perguntas para os presentes.<\/p>\n<p>A 2\u00aa Mesa contou com a palestra de Mauro Salles, Secret\u00e1rio de Sa\u00fade da Contraf-CUT e foi composta por Maria Aparecida, Adilma Nunes e Rita Lima. A Sa\u00fade dos banc\u00e1rios, com o aumento da cobran\u00e7a de metas, e o adoecimento f\u00edsico e mental (nas ag\u00eancias e no home office), estiveram em debate.<\/p>\n<p><strong>Mesa 1<\/strong><\/p>\n<p>Fernando Benfica palestrou e debateu a temas que atingem diretamente a categoria banc\u00e1ria, como a terceiriza\u00e7\u00e3o, que retira direitos e piora a qualidade do servi\u00e7o prestado \u00e0 popula\u00e7\u00e3o.<\/p>\n<p>Um problema que afeta n\u00e3o apenas funcion\u00e1rias e funcion\u00e1rios, mas tamb\u00e9m os clientes, com fechamento de ag\u00eancias e a restri\u00e7\u00e3o, cada vez maior, da possibilidade de atendimento presencial.<\/p>\n<p><strong>Mesa 2<\/strong><\/p>\n<p>Mauro Salles, sSecret\u00e1rio de Sa\u00fade da Contraf-CUT, ressaltou o momento essencial para debater os desafios que impactam diretamente a sa\u00fade f\u00edsica e mental dos trabalhadores, em especial os banc\u00e1rios.<\/p>\n<p>Ele ressaltou que o movimento sindical, como um todo, tem que se engajar nesta luta, com a responsabilidade de buscar o bem-estar da categoria banc\u00e1ria, que tem apresentado estat\u00edsticas preocupantes de estresse e ansiedade.<\/p>\n<p><strong>Mo\u00e7\u00e3o<\/strong><\/p>\n<p>Uma mo\u00e7\u00e3o de apoio ao Supremo Tribunal, expressando solidariedade a Alexandre de Moraes e reafirmando seu compromisso com a Constitui\u00e7\u00e3o e as leis do pa\u00eds, foi aprovada ao final do evento.<\/p>\n<p><strong>Delega\u00e7\u00e3o Nacional<\/strong><\/p>\n<p>Ao final da confer\u00eancia foram eleitos os delegados que ir\u00e3o representar a Fetraf RJ\/ES na Confer\u00eancia Nacional. Confira.<\/p>\n<p><strong>\u2013 Ayres Carlos Alves de Oliveira (Andra dos Reis)<\/strong><br \/><strong>\u2013 Pedro Batista (Baixada Fluminense)<\/strong><br \/><strong>\u2013 Renata Soeiro (Baixada Fluminense)<\/strong><br \/><strong>\u2013 Roberto de Paula (Baixada Fluminense)<\/strong><br \/><strong>\u2013 Ricardo S\u00e1 (Baixada Fluminense)<\/strong><br \/><strong>\u2013 Carlos Pereira de Ara\u00fajo (Esp\u00edrito Santo)<\/strong><br \/><strong>\u2013 Andr\u00e9 Luiz Zan\u00e3o Tosta (Esp\u00edrito Santo)<\/strong><br \/><strong>\u2013 Jackeline Scopel Pereira (Esp\u00edrito Santo)<\/strong><br \/><strong>\u2013 Bethania Franco Emerick (Esp\u00edrito Santo)<\/strong><br \/><strong>\u2013 Maria da Gloria Dias de Souza (Esp\u00edrito Santo)<\/strong><br \/><strong>\u2013 Fabricio Passos Coelho (Esp\u00edrito Santo)<\/strong><br \/><strong>\u2013 Claudio Mer\u00e7on Vieira (Esp\u00edrito Santo)<\/strong><br \/><strong>\u2013 Sandra Alzira Gon\u00e7alves (Esp\u00edrito Santo)<\/strong><br \/><strong>\u2013 Renata Resende (Esp\u00edrito Santo)<\/strong><br \/><strong>\u2013 Marcelo Giacomin Pimentel (Esp\u00edrito Santo)<\/strong><br \/><strong>\u2013 Joanderson Silva (Itaperuna)<\/strong><br \/><strong>\u2013 Paulo Alves J\u00fanior (Maca\u00e9)<\/strong><br \/><strong>\u2013 Sergio Arantes (Maca\u00e9)<\/strong><br \/><strong>\u2013 Luiz Gabriel Almeida Velloso (Nova Frigurgo)<\/strong><br \/><strong>\u2013 Flavio Pereira (Tr\u00eas Rios)<\/strong><br \/><strong>\u2013 Nilton Dami\u00e3o Esperan\u00e7a (Tr\u00eas Rios)<\/strong><\/p>\n<p>*<i>confira mais fotos em nossas redes sociais\u00a0<\/i><\/p>\n<p><b>Fonte: Fetraf RJ\/ES<\/b><\/p>\n","protected":false},"excerpt":{"rendered":"<p>No \u00faltimo s\u00e1bado, 2 de agosto, ocorreu a 27\u00aa Confer\u00eancia Interestadual dos Trabalhadores e Trabalhadoras do Ramo Financeiro dos Estados do Rio de Janeiro e Esp\u00edrito Santo, em Itaperuna, munic\u00edpio do Rio de Janeiro. O evento, promovido pela Federa\u00e7\u00e3o dos Trabalhadores do Ramo Financeiro dos Estados do Rio de Janeiro e Esp\u00edrito Santo (Fetraf RJ\/ES), [&hellip;]<\/p>\n","protected":false},"author":2,"featured_media":16619,"comment_status":"","ping_status":"","sticky":false,"template":"","format":"standard","meta":{"footnotes":""},"categories":[3],"tags":[],"class_list":["post-16620","post","type-post","status-publish","format-standard","has-post-thumbnail","hentry","category-noticias"],"_links":{"self":[{"href":"https:\/\/hostnetart.com.br\/baixada\/wp-json\/wp\/v2\/posts\/16620","targetHints":{"allow":["GET"]}}],"collection":[{"href":"https:\/\/hostnetart.com.br\/baixada\/wp-json\/wp\/v2\/posts"}],"about":[{"href":"https:\/\/hostnetart.com.br\/baixada\/wp-json\/wp\/v2\/types\/post"}],"author":[{"embeddable":true,"href":"https:\/\/hostnetart.com.br\/baixada\/wp-json\/wp\/v2\/users\/2"}],"replies":[{"embeddable":true,"href":"https:\/\/hostnetart.com.br\/baixada\/wp-json\/wp\/v2\/comments?post=16620"}],"version-history":[{"count":0,"href":"https:\/\/hostnetart.com.br\/baixada\/wp-json\/wp\/v2\/posts\/16620\/revisions"}],"wp:featuredmedia":[{"embeddable":true,"href":"https:\/\/hostnetart.com.br\/baixada\/wp-json\/wp\/v2\/media\/16619"}],"wp:attachment":[{"href":"https:\/\/hostnetart.com.br\/baixada\/wp-json\/wp\/v2\/media?parent=16620"}],"wp:term":[{"taxonomy":"category","embeddable":true,"href":"https:\/\/hostnetart.com.br\/baixada\/wp-json\/wp\/v2\/categories?post=16620"},{"taxonomy":"post_tag","embeddable":true,"href":"https:\/\/hostnetart.com.br\/baixada\/wp-json\/wp\/v2\/tags?post=16620"}],"curies":[{"name":"wp","href":"https:\/\/api.w.org\/{rel}","templated":true}]}}