{"id":16618,"date":"2025-08-01T19:37:50","date_gmt":"2025-08-01T22:37:50","guid":{"rendered":"https:\/\/hostnetart.com.br\/baixada\/fetraf-rj-es-visita-agencias-de-itaperuna-e-regiao-para-debater-saude-caixa\/"},"modified":"2025-08-01T19:37:50","modified_gmt":"2025-08-01T22:37:50","slug":"fetraf-rj-es-visita-agencias-de-itaperuna-e-regiao-para-debater-saude-caixa","status":"publish","type":"post","link":"https:\/\/hostnetart.com.br\/baixada\/fetraf-rj-es-visita-agencias-de-itaperuna-e-regiao-para-debater-saude-caixa\/","title":{"rendered":"Fetraf RJ\/ES visita ag\u00eancias de Itaperuna e Regi\u00e3o para debater Sa\u00fade Caixa"},"content":{"rendered":"<\/p>\n<div class=\"elementor elementor-12262 elementor-location-single post-27969 post type-post status-publish format-standard has-post-thumbnail hentry category-noticias\" data-elementor-type=\"single-post\" data-elementor-id=\"12262\" data-elementor-settings=\"[]\">\n<div class=\"elementor-section-wrap\">\n<section class=\"elementor-section elementor-top-section elementor-element elementor-element-e256549 elementor-section-boxed elementor-section-height-default elementor-section-height-default\" data-id=\"e256549\" data-element_type=\"section\" data-settings=\"{&quot;background_background&quot;:&quot;classic&quot;}\">\n<div class=\"elementor-container elementor-column-gap-default\">\n<div class=\"elementor-row\">\n<div class=\"elementor-column elementor-col-100 elementor-top-column elementor-element elementor-element-3aa54a3\" data-id=\"3aa54a3\" data-element_type=\"column\">\n<div class=\"elementor-column-wrap elementor-element-populated\">\n<div class=\"elementor-widget-wrap\">\n<div class=\"elementor-element elementor-element-43a09ee elementor-widget elementor-widget-theme-post-content\" data-id=\"43a09ee\" data-element_type=\"widget\" data-widget_type=\"theme-post-content.default\">\n<div class=\"elementor-widget-container\">\n<p>Ap\u00f3s solicita\u00e7\u00e3o do <strong>Sindicato dos Banc\u00e1rios de Itaperuna e Regi\u00e3o<\/strong>, a Federa\u00e7\u00e3o dos Trabalhadores do Ramo Financeiro dos Estados do Rio de Janeiro e Esp\u00edrito Santo (<strong>Fetraf RJ\/ES<\/strong>) designou o Diretor <strong>Fernando Correia<\/strong> <strong>de S\u00e1<\/strong>, e membro da Comiss\u00e3o Executiva dos Empregados (<strong>CEE<\/strong>) da <strong>Caixa<\/strong> Econ\u00f4mica Federal, para <strong>visita<\/strong> \u00e0s ag\u00eancias localizadas nos munic\u00edpios de <strong>Itaperuna, Miracema, Santo Antonio de P\u00e1dua, Natividade, Porci\u00fancula e Bom Jesus do Itabapoana<\/strong>, que pertecem \u00e0s bases do Sindicato.<\/p>\n<p>Fernando tamb\u00e9m \u00e9 Diretor do Sindicato dos Banc\u00e1rios da Baixada Fluminense.\u00a0<\/p>\n<p>A <strong>pauta principal<\/strong> foi o plano de sa\u00fade dos funcion\u00e1rios, o <strong>Sa\u00fade Caixa<\/strong>. Foi esclarecido para as funcion\u00e1rias e funcion\u00e1rios do banco, os novos caminhos adotados pela dire\u00e7\u00e3o da Caixa, que afetaram de forma direta, tanto os banc\u00e1rios, quanto seus dependentes.<\/p>\n<p>Al\u00e9m disso, foram esclarecidos os avan\u00e7os nas negocia\u00e7\u00f5es espec\u00edficas, como a derrubada do teto de 6,5%, implantado no estatuto da Caixa; reajuste zero nas mensalidades do plano, melhoria da rede credenciada, com a expans\u00e3o e compartilhamento com outras estatais.<\/p>\n<p>Os funcion\u00e1rios puderam tirar suas d\u00favidas, apresentaram sugest\u00f5es e reclama\u00e7\u00f5es, principalmente, no que tange a forma burocr\u00e1tica apresentada pelo plano em realizar os respectivos credenciamentos de hospitais, cl\u00ednicas e profissionais especializados. Tais demandas ser\u00e3o repassadas aos membros da Comiss\u00e3o Executiva dos Empregados, para que sejam discutidas na mesa de negocia\u00e7\u00e3o espec\u00edfica do Plano de Sa\u00fade.<\/p>\n<p>\u201c<em><strong>Foram super importantes e, principalmente, produtivas as visitas nestas ag\u00eancias. Pois \u00e9 uma regi\u00e3o que vem passando por in\u00fameras dificuldades. Esse contato presencial \u00e9 fundamental para estreitar o elo entre os funcion\u00e1rios e as entidades que os representam, j\u00e1 que o objetivo \u00e9 um s\u00f3: atender os anseios dos trabalhadores da Caixa e melhorar, sempre, as condi\u00e7\u00f5es de trabalho<\/strong><\/em>\u201d, comentou Fernando.<\/p>\n<p>\u201c<em><strong>E eu, enquanto membro da CEE da Caixa, me coloco \u00e0 disposi\u00e7\u00e3o dos outros Sindicatos. Esse foi somente o pontap\u00e9 inicial. A Federa\u00e7\u00e3o sempre se fez presente nas bases de seus sindicatos filiados, e essa \u00e9 uma de suas atua\u00e7\u00f5es. Defender os bancos p\u00fablicos, \u00e9 defender o Brasil<\/strong><\/em>\u201d, completou.<\/p>\n<p><img fetchpriority=\"high\" decoding=\"async\" class=\"alignnone size-full wp-image-27972\" src=\"https:\/\/fetrafrjes.org.br\/wp-content\/uploads\/2025\/08\/3aba6a4e-18a8-4f8e-bf06-745ae29b977c.jpeg\" sizes=\"(max-width: 1200px) 100vw, 1200px\" srcset=\"https:\/\/fetrafrjes.org.br\/wp-content\/uploads\/2025\/08\/3aba6a4e-18a8-4f8e-bf06-745ae29b977c.jpeg 1200w, https:\/\/fetrafrjes.org.br\/wp-content\/uploads\/2025\/08\/3aba6a4e-18a8-4f8e-bf06-745ae29b977c-450x600.jpeg 450w, https:\/\/fetrafrjes.org.br\/wp-content\/uploads\/2025\/08\/3aba6a4e-18a8-4f8e-bf06-745ae29b977c-768x1024.jpeg 768w, https:\/\/fetrafrjes.org.br\/wp-content\/uploads\/2025\/08\/3aba6a4e-18a8-4f8e-bf06-745ae29b977c-1152x1536.jpeg 1152w\" alt=\"\" width=\"1200\" height=\"1600\" \/><img decoding=\"async\" class=\"alignnone size-full wp-image-27973\" src=\"https:\/\/fetrafrjes.org.br\/wp-content\/uploads\/2025\/08\/11a77591-a4dc-4785-98cd-f2b098eb7a3d.jpeg\" sizes=\"(max-width: 1200px) 100vw, 1200px\" srcset=\"https:\/\/fetrafrjes.org.br\/wp-content\/uploads\/2025\/08\/11a77591-a4dc-4785-98cd-f2b098eb7a3d.jpeg 1200w, https:\/\/fetrafrjes.org.br\/wp-content\/uploads\/2025\/08\/11a77591-a4dc-4785-98cd-f2b098eb7a3d-450x600.jpeg 450w, https:\/\/fetrafrjes.org.br\/wp-content\/uploads\/2025\/08\/11a77591-a4dc-4785-98cd-f2b098eb7a3d-768x1024.jpeg 768w, https:\/\/fetrafrjes.org.br\/wp-content\/uploads\/2025\/08\/11a77591-a4dc-4785-98cd-f2b098eb7a3d-1152x1536.jpeg 1152w\" alt=\"\" width=\"1200\" height=\"1600\" \/><img decoding=\"async\" class=\"alignnone size-full wp-image-27974\" src=\"https:\/\/fetrafrjes.org.br\/wp-content\/uploads\/2025\/08\/44e05419-5971-4e37-be41-97a764d943d5.jpeg\" sizes=\"(max-width: 1200px) 100vw, 1200px\" srcset=\"https:\/\/fetrafrjes.org.br\/wp-content\/uploads\/2025\/08\/44e05419-5971-4e37-be41-97a764d943d5.jpeg 1200w, https:\/\/fetrafrjes.org.br\/wp-content\/uploads\/2025\/08\/44e05419-5971-4e37-be41-97a764d943d5-450x600.jpeg 450w, https:\/\/fetrafrjes.org.br\/wp-content\/uploads\/2025\/08\/44e05419-5971-4e37-be41-97a764d943d5-768x1024.jpeg 768w, https:\/\/fetrafrjes.org.br\/wp-content\/uploads\/2025\/08\/44e05419-5971-4e37-be41-97a764d943d5-1152x1536.jpeg 1152w\" alt=\"\" width=\"1200\" height=\"1600\" \/><img loading=\"lazy\" decoding=\"async\" class=\"alignnone size-full wp-image-27975\" src=\"https:\/\/fetrafrjes.org.br\/wp-content\/uploads\/2025\/08\/d6e30202-ba6f-40b5-a727-f37da132b0d0.jpeg\" sizes=\"(max-width: 1200px) 100vw, 1200px\" srcset=\"https:\/\/fetrafrjes.org.br\/wp-content\/uploads\/2025\/08\/d6e30202-ba6f-40b5-a727-f37da132b0d0.jpeg 1200w, https:\/\/fetrafrjes.org.br\/wp-content\/uploads\/2025\/08\/d6e30202-ba6f-40b5-a727-f37da132b0d0-450x600.jpeg 450w, https:\/\/fetrafrjes.org.br\/wp-content\/uploads\/2025\/08\/d6e30202-ba6f-40b5-a727-f37da132b0d0-768x1024.jpeg 768w, https:\/\/fetrafrjes.org.br\/wp-content\/uploads\/2025\/08\/d6e30202-ba6f-40b5-a727-f37da132b0d0-1152x1536.jpeg 1152w\" alt=\"\" width=\"1200\" height=\"1600\" \/><img loading=\"lazy\" decoding=\"async\" class=\"alignnone size-full wp-image-27976\" src=\"https:\/\/fetrafrjes.org.br\/wp-content\/uploads\/2025\/08\/ffb67d86-b69f-4f08-8977-fe7f94985320.jpeg\" sizes=\"(max-width: 1200px) 100vw, 1200px\" srcset=\"https:\/\/fetrafrjes.org.br\/wp-content\/uploads\/2025\/08\/ffb67d86-b69f-4f08-8977-fe7f94985320.jpeg 1200w, https:\/\/fetrafrjes.org.br\/wp-content\/uploads\/2025\/08\/ffb67d86-b69f-4f08-8977-fe7f94985320-450x600.jpeg 450w, https:\/\/fetrafrjes.org.br\/wp-content\/uploads\/2025\/08\/ffb67d86-b69f-4f08-8977-fe7f94985320-768x1024.jpeg 768w, https:\/\/fetrafrjes.org.br\/wp-content\/uploads\/2025\/08\/ffb67d86-b69f-4f08-8977-fe7f94985320-1152x1536.jpeg 1152w\" alt=\"\" width=\"1200\" height=\"1600\" \/><img loading=\"lazy\" decoding=\"async\" class=\"alignnone size-full wp-image-27977\" src=\"https:\/\/fetrafrjes.org.br\/wp-content\/uploads\/2025\/08\/8df1765e-d7a5-4cda-b99d-14b3c5ce69c1.jpeg\" sizes=\"(max-width: 1200px) 100vw, 1200px\" srcset=\"https:\/\/fetrafrjes.org.br\/wp-content\/uploads\/2025\/08\/8df1765e-d7a5-4cda-b99d-14b3c5ce69c1.jpeg 1200w, https:\/\/fetrafrjes.org.br\/wp-content\/uploads\/2025\/08\/8df1765e-d7a5-4cda-b99d-14b3c5ce69c1-450x600.jpeg 450w, https:\/\/fetrafrjes.org.br\/wp-content\/uploads\/2025\/08\/8df1765e-d7a5-4cda-b99d-14b3c5ce69c1-768x1024.jpeg 768w, https:\/\/fetrafrjes.org.br\/wp-content\/uploads\/2025\/08\/8df1765e-d7a5-4cda-b99d-14b3c5ce69c1-1152x1536.jpeg 1152w\" alt=\"\" width=\"1200\" height=\"1600\" \/><img loading=\"lazy\" decoding=\"async\" class=\"alignnone size-full wp-image-27978\" src=\"https:\/\/fetrafrjes.org.br\/wp-content\/uploads\/2025\/08\/efe85bea-8675-46ae-bd23-bc516417bace.jpeg\" sizes=\"(max-width: 1200px) 100vw, 1200px\" srcset=\"https:\/\/fetrafrjes.org.br\/wp-content\/uploads\/2025\/08\/efe85bea-8675-46ae-bd23-bc516417bace.jpeg 1200w, https:\/\/fetrafrjes.org.br\/wp-content\/uploads\/2025\/08\/efe85bea-8675-46ae-bd23-bc516417bace-450x600.jpeg 450w, https:\/\/fetrafrjes.org.br\/wp-content\/uploads\/2025\/08\/efe85bea-8675-46ae-bd23-bc516417bace-768x1024.jpeg 768w, https:\/\/fetrafrjes.org.br\/wp-content\/uploads\/2025\/08\/efe85bea-8675-46ae-bd23-bc516417bace-1152x1536.jpeg 1152w\" alt=\"\" width=\"1200\" height=\"1600\" \/><\/p>\n<\/div>\n<\/div>\n<\/div>\n<\/div>\n<\/div>\n<\/div>\n<\/div>\n<\/section>\n<\/div>\n<\/div>\n<div class=\"elementor elementor-12132 elementor-location-footer\" data-elementor-type=\"footer\" data-elementor-id=\"12132\" data-elementor-settings=\"[]\">\u00a0<\/div>\n<p>\u00a0<\/p>\n","protected":false},"excerpt":{"rendered":"<p>Ap\u00f3s solicita\u00e7\u00e3o do Sindicato dos Banc\u00e1rios de Itaperuna e Regi\u00e3o, a Federa\u00e7\u00e3o dos Trabalhadores do Ramo Financeiro dos Estados do Rio de Janeiro e Esp\u00edrito Santo (Fetraf RJ\/ES) designou o Diretor Fernando Correia de S\u00e1, e membro da Comiss\u00e3o Executiva dos Empregados (CEE) da Caixa Econ\u00f4mica Federal, para visita \u00e0s ag\u00eancias localizadas nos munic\u00edpios de [&hellip;]<\/p>\n","protected":false},"author":2,"featured_media":16617,"comment_status":"","ping_status":"","sticky":false,"template":"","format":"standard","meta":{"footnotes":""},"categories":[3],"tags":[],"class_list":["post-16618","post","type-post","status-publish","format-standard","has-post-thumbnail","hentry","category-noticias"],"_links":{"self":[{"href":"https:\/\/hostnetart.com.br\/baixada\/wp-json\/wp\/v2\/posts\/16618","targetHints":{"allow":["GET"]}}],"collection":[{"href":"https:\/\/hostnetart.com.br\/baixada\/wp-json\/wp\/v2\/posts"}],"about":[{"href":"https:\/\/hostnetart.com.br\/baixada\/wp-json\/wp\/v2\/types\/post"}],"author":[{"embeddable":true,"href":"https:\/\/hostnetart.com.br\/baixada\/wp-json\/wp\/v2\/users\/2"}],"replies":[{"embeddable":true,"href":"https:\/\/hostnetart.com.br\/baixada\/wp-json\/wp\/v2\/comments?post=16618"}],"version-history":[{"count":0,"href":"https:\/\/hostnetart.com.br\/baixada\/wp-json\/wp\/v2\/posts\/16618\/revisions"}],"wp:featuredmedia":[{"embeddable":true,"href":"https:\/\/hostnetart.com.br\/baixada\/wp-json\/wp\/v2\/media\/16617"}],"wp:attachment":[{"href":"https:\/\/hostnetart.com.br\/baixada\/wp-json\/wp\/v2\/media?parent=16618"}],"wp:term":[{"taxonomy":"category","embeddable":true,"href":"https:\/\/hostnetart.com.br\/baixada\/wp-json\/wp\/v2\/categories?post=16618"},{"taxonomy":"post_tag","embeddable":true,"href":"https:\/\/hostnetart.com.br\/baixada\/wp-json\/wp\/v2\/tags?post=16618"}],"curies":[{"name":"wp","href":"https:\/\/api.w.org\/{rel}","templated":true}]}}