{"id":16612,"date":"2025-07-31T16:09:36","date_gmt":"2025-07-31T19:09:36","guid":{"rendered":"https:\/\/hostnetart.com.br\/baixada\/fetraf-rj-es-realiza-encontro-interestadual-dos-bancarios-e-bancarias-de-banco-privado\/"},"modified":"2025-07-31T16:09:36","modified_gmt":"2025-07-31T19:09:36","slug":"fetraf-rj-es-realiza-encontro-interestadual-dos-bancarios-e-bancarias-de-banco-privado","status":"publish","type":"post","link":"https:\/\/hostnetart.com.br\/baixada\/fetraf-rj-es-realiza-encontro-interestadual-dos-bancarios-e-bancarias-de-banco-privado\/","title":{"rendered":"Fetraf RJ\/ES realiza Encontro Interestadual dos Banc\u00e1rios e Banc\u00e1rias de Banco Privado"},"content":{"rendered":"<p>Nesta \u00faltima quarta-feira, dia 30 de julho, a\u00a0Federa\u00e7\u00e3o dos Trabalhadores do Ramo Financeiro dos Estados do Rio de Janeiro e Esp\u00edrito Santo (<strong>Fetraf RJ\/ES<\/strong>), que representa os Sindicatos dos Banc\u00e1rios de\u00a0<strong>Angra dos Reis e Regi\u00e3o, Baixada Fluminense, Esp\u00edrito Santo, Itaperuna e Regi\u00e3o, Maca\u00e9 e Regi\u00e3o, Nova Friburgo e Regi\u00e3o e Tr\u00eas Rios e Regi\u00e3o<\/strong>, realizou o\u00a0<strong><em>Encontro Interestadual dos Banc\u00e1rios e Banc\u00e1rias de Banco Privado<\/em><\/strong>.<\/p>\n<p>O evento ocorreu virtualmente, atrav\u00e9s da plataforma Google Meet, e todos os banc\u00e1rios e banc\u00e1rias dos bancos <strong>Bradesco, Ita\u00fa e Santander,\u00a0<\/strong>que pertencem \u00e0 base da Fetraf RJ\/ES, estavam aptos a participar.<\/p>\n<p>No total, foram 102 os participantes, sendo 69 homens e 33 mulheres.<\/p>\n<p>Para <strong>Max Bezerra<\/strong>, Diretor de Bancos Privados da Federa\u00e7\u00e3o dos Trabalhadores do Ramo Financeiro dos Estados do Rio de Janeiro e Esp\u00edrito Santo (<strong>Fetraf RJ\/ES<\/strong>),&#8221;<em>o encontro foi excelente e serviu para esclarecer como as intelig\u00eancias artificiais atuam. Al\u00e9m de suas transforma\u00e7\u00f5es no sistema financeiro e efeitos no trabalho da categoria<\/em>&#8220;, avaliou.<\/p>\n<p>O\u00a0<strong><em>Encontro Interestadual dos Banc\u00e1rios e Banc\u00e1rias de Bancos Privado da Fetraf RJ\/ES <\/em><\/strong>tamb\u00e9m\u00a0contou com a palestrante\u00a0<strong>C\u00e1tia Uehara<\/strong>, economista e t\u00e9cnica do DIEESE\/SP, que falou e debateu sobre o \u201ca<em>van\u00e7o tecnol\u00f3gico, intelig\u00eancia artificial e impactos no emprego banc\u00e1rio\u201d.<\/em><\/p>\n<p>&#8220;<em>A reuni\u00e3o serviu para alinharmos, com nossos dirigentes, suas participa\u00e7\u00f5es nos encontros dos bancos privados, que acontecer\u00e3o no dia 21 de agosto, em S\u00e3o Paulo. A participa\u00e7\u00e3o foi excelente, demonstrando o profissionalismo e a dedica\u00e7\u00e3o de nossos diretores e, tamb\u00e9m, dos banc\u00e1rios de base. Agora, vamos juntos representar nossa Fetraf RJ\/ES no Encontro Nacional. Parab\u00e9ns a todas e todos<\/em>&#8220;, declarou <strong>Nilton Esperan\u00e7a<\/strong>, Presidente da Federa\u00e7\u00e3o.<\/p>\n<p>No pr\u00f3ximo s\u00e1bado, 2 de agosto, a\u00a0<strong>Fetraf RJ\/ES\u00a0<\/strong>realizar\u00e1 sua\u00a0<b>27\u00aa Confer\u00eancia Interestadual dos Trabalhadores e Trabalhadoras as do Ramo Financeiro dos Estados do Rio de Janeiro e Esp\u00edrito Santo, <\/b>na cidade de\u00a0<strong>Itaperuna (RJ).<\/strong><\/p>\n<p><strong>Fonte: Fetraf RJ\/ES<\/strong><\/p>\n<p>\u00a0<\/p>\n<p>\u00a0<\/p>\n<p>\u00a0<\/p>\n<p>\u00a0<\/p>\n<p>\u00a0<\/p>\n","protected":false},"excerpt":{"rendered":"<p>Nesta \u00faltima quarta-feira, dia 30 de julho, a\u00a0Federa\u00e7\u00e3o dos Trabalhadores do Ramo Financeiro dos Estados do Rio de Janeiro e Esp\u00edrito Santo (Fetraf RJ\/ES), que representa os Sindicatos dos Banc\u00e1rios de\u00a0Angra dos Reis e Regi\u00e3o, Baixada Fluminense, Esp\u00edrito Santo, Itaperuna e Regi\u00e3o, Maca\u00e9 e Regi\u00e3o, Nova Friburgo e Regi\u00e3o e Tr\u00eas Rios e Regi\u00e3o, realizou [&hellip;]<\/p>\n","protected":false},"author":2,"featured_media":16611,"comment_status":"","ping_status":"","sticky":false,"template":"","format":"standard","meta":{"footnotes":""},"categories":[3],"tags":[],"class_list":["post-16612","post","type-post","status-publish","format-standard","has-post-thumbnail","hentry","category-noticias"],"_links":{"self":[{"href":"https:\/\/hostnetart.com.br\/baixada\/wp-json\/wp\/v2\/posts\/16612","targetHints":{"allow":["GET"]}}],"collection":[{"href":"https:\/\/hostnetart.com.br\/baixada\/wp-json\/wp\/v2\/posts"}],"about":[{"href":"https:\/\/hostnetart.com.br\/baixada\/wp-json\/wp\/v2\/types\/post"}],"author":[{"embeddable":true,"href":"https:\/\/hostnetart.com.br\/baixada\/wp-json\/wp\/v2\/users\/2"}],"replies":[{"embeddable":true,"href":"https:\/\/hostnetart.com.br\/baixada\/wp-json\/wp\/v2\/comments?post=16612"}],"version-history":[{"count":0,"href":"https:\/\/hostnetart.com.br\/baixada\/wp-json\/wp\/v2\/posts\/16612\/revisions"}],"wp:featuredmedia":[{"embeddable":true,"href":"https:\/\/hostnetart.com.br\/baixada\/wp-json\/wp\/v2\/media\/16611"}],"wp:attachment":[{"href":"https:\/\/hostnetart.com.br\/baixada\/wp-json\/wp\/v2\/media?parent=16612"}],"wp:term":[{"taxonomy":"category","embeddable":true,"href":"https:\/\/hostnetart.com.br\/baixada\/wp-json\/wp\/v2\/categories?post=16612"},{"taxonomy":"post_tag","embeddable":true,"href":"https:\/\/hostnetart.com.br\/baixada\/wp-json\/wp\/v2\/tags?post=16612"}],"curies":[{"name":"wp","href":"https:\/\/api.w.org\/{rel}","templated":true}]}}