{"id":16608,"date":"2025-07-31T16:05:11","date_gmt":"2025-07-31T19:05:11","guid":{"rendered":"https:\/\/hostnetart.com.br\/baixada\/reivindicacao-historica-trabalhadores-de-bancos-incorporados-poderao-migrar-para-a-cassi-e-previ\/"},"modified":"2025-07-31T16:05:11","modified_gmt":"2025-07-31T19:05:11","slug":"reivindicacao-historica-trabalhadores-de-bancos-incorporados-poderao-migrar-para-a-cassi-e-previ","status":"publish","type":"post","link":"https:\/\/hostnetart.com.br\/baixada\/reivindicacao-historica-trabalhadores-de-bancos-incorporados-poderao-migrar-para-a-cassi-e-previ\/","title":{"rendered":"Reivindica\u00e7\u00e3o hist\u00f3rica: trabalhadores de bancos incorporados poder\u00e3o migrar para a Cassi e Previ"},"content":{"rendered":"<div class=\"news-details__main-text visible\">\n<p style=\"margin-bottom: 11px;\">A Comiss\u00e3o de Empresa das Funcion\u00e1rias e dos Funcion\u00e1rios do Banco do Brasil (CEBB) se reuniu, no final da tarde desta quarta-feira (30), com a dire\u00e7\u00e3o do banco para discutir a integra\u00e7\u00e3o dos trabalhadores egressos dos bancos incorporados \u2014 Banco Nossa Caixa (BNC), Banco do Estado de Santa Catarina (Besc) e Banco do Estado do Piau\u00ed (BEP) \u2014 aos planos de previd\u00eancia da Previ e ao plano de sa\u00fade da Cassi, ambos utilizados pelos funcion\u00e1rios do BB.<\/p>\n<p> A apresenta\u00e7\u00e3o de uma proposta at\u00e9 o dia 31 de julho foi um compromisso assumido pelo banco em reuni\u00e3o realizada no dia 5 de fevereiro, quando foi anunciada a cria\u00e7\u00e3o de um Grupo de Trabalho (GT) voltado exclusivamente \u00e0 busca de solu\u00e7\u00f5es para os impasses enfrentados por esses trabalhadores. A medida atendeu a uma reivindica\u00e7\u00e3o hist\u00f3rica do movimento sindical.<\/p>\n<h2>Migra\u00e7\u00e3o para a Previ<\/h2>\n<p>Durante o encontro, o BB apresentou a possibilidade de migra\u00e7\u00e3o dos planos de previd\u00eancia Previ BEP, Economus e Fusesc para a Previ, mantendo os direitos e caracter\u00edsticas atuais.\u00a0A proposta prev\u00ea a migra\u00e7\u00e3o de todos os planos para a Previ, com a possibilidade de que em seguida, os funcion\u00e1rios da ativa possam optar pela migra\u00e7\u00e3o para o Previ Futuro.<\/p>\n<p> A Comiss\u00e3o de Empresa avaliou que a proposta representa um avan\u00e7o, por permitir ganhos aos trabalhadores, redu\u00e7\u00e3o de custos para o banco, como copatrocinador, e para as associa\u00e7\u00f5es, al\u00e9m de contribuir para a otimiza\u00e7\u00e3o da gest\u00e3o dos recursos previdenci\u00e1rios.<\/p>\n<p> A coordenadora da CEBB, Fernanda Lopes, destacou a import\u00e2ncia do momento e fez um alerta sobre a necessidade de aten\u00e7\u00e3o \u00e0s mudan\u00e7as. \u201c\u00c9 fundamental que os colegas que optem pela migra\u00e7\u00e3o compreendam bem as regras e as diferen\u00e7as que entrar\u00e3o em vigor para que tomem decis\u00f5es conscientes e seguras.\u201d<\/p>\n<p> Uma das reivindica\u00e7\u00f5es centrais do movimento sindical era a inclus\u00e3o dos funcion\u00e1rios oriundos de bancos incorporados na parcela 2B da tabela PIP. At\u00e9 o momento, a \u00fanica alternativa prevista \u00e9 que aqueles que migrarem para o Previ Futuro possam pontuar na nova tabela, tornando-se aptos a contribuir para a 2B \u2014 a parcela em que o banco contribui na mesma propor\u00e7\u00e3o do participante.<\/p>\n<p> No entanto, a efetiva\u00e7\u00e3o da migra\u00e7\u00e3o para a Previ depender\u00e1 ainda de ajustes t\u00e9cnicos e atuariais, que ser\u00e3o conduzidos com acompanhamento da Comiss\u00e3o de Empresa.<\/p>\n<h2>P\u00f3s-laboral: luta segue na mesa de custeio da Cassi<\/h2>\n<p>No campo da sa\u00fade, o banco informou que permitir\u00e1 a ades\u00e3o dos funcion\u00e1rios da ativa, oriundos dos bancos incorporados, ao plano da Cassi, ap\u00f3s a apresenta\u00e7\u00e3o da proposta da mesa de custeio da Cassi \u2014 espa\u00e7o onde est\u00e3o sendo discutidas, entre outras quest\u00f5es, as regras do p\u00f3s-laboral para novos ingressantes na caixa de assist\u00eancia.<\/p>\n<p> O estatuto vigente estabelece que os novos participantes do plano de associados s\u00f3 poder\u00e3o permanecer na Cassi ap\u00f3s a aposentadoria como autopatrocinados, ou seja, sem a contribui\u00e7\u00e3o do banco.<\/p>\n<p> Ant\u00f4nio Netto, representante da Fetec-CUT\/SP na CEBB, foi enf\u00e1tico ao defender a responsabilidade do banco. \u201cNossa luta continuar\u00e1 para que todos os funcion\u00e1rios oriundos de bancos incorporados tenham a possibilidade do p\u00f3s-laboral com a perman\u00eancia da contribui\u00e7\u00e3o do patrocinador. Al\u00e9m disso, essa tamb\u00e9m \u00e9 a luta dos funcion\u00e1rios que ingressaram no banco ap\u00f3s 2018.\u201d<\/p>\n<p> Ele refor\u00e7ou que a inclus\u00e3o do banco no custeio do p\u00f3s-laboral \u00e9 uma demanda leg\u00edtima, justa e alinhada aos princ\u00edpios constitucionais da igualdade e da isonomia. \u201c\u00c9 essencial que o Banco do Brasil trate de forma equitativa todos os seus funcion\u00e1rios, sem discrimina\u00e7\u00e3o baseada na origem banc\u00e1ria.\u201d<\/p>\n<p> A coordenadora Fernanda Lopes tamb\u00e9m criticou a exclus\u00e3o. \u201cUma proposta que exclui o direito ao p\u00f3s-laboral n\u00e3o resolve o problema \u2014 ao contr\u00e1rio, perpetua a desigualdade e o sentimento de injusti\u00e7a entre trabalhadores que ajudaram e ajudam diariamente na constru\u00e7\u00e3o do banco. Seguiremos firmes na luta para que esses colegas tenham o direito de permanecer no plano de sa\u00fade da Cassi ap\u00f3s a aposentadoria, com a devida participa\u00e7\u00e3o do banco no custeio, assim como os demais funcion\u00e1rios do BB.\u201d<\/p>\n<h2>Luta por isonomia plena continua<\/h2>\n<p>A CEBB reafirma que a luta por isonomia plena permanece como uma bandeira central para o conjunto das trabalhadoras e trabalhadores do Banco do Brasil. \u201cChamamos todos e todas \u2014 sejam oriundos do BB, da Nossa Caixa, do Besc ou do BEP \u2014 a se manterem mobilizados e unidos nessa luta. O di\u00e1logo e a solidariedade s\u00e3o fundamentais para construirmos um futuro mais justo e equilibrado para toda a categoria\u201d, concluiu Fernanda.<\/p>\n<p> Os representantes dos trabalhadores exigiram e garantiram a instala\u00e7\u00e3o de uma mesa de acompanhamento mensal, com participa\u00e7\u00e3o da Previ e da Cassi, para monitorar a implementa\u00e7\u00e3o das mudan\u00e7as e garantir transpar\u00eancia e participa\u00e7\u00e3o durante todo o processo. O banco concordou com a proposta.<\/p>\n<p><strong>Fonte: Contraf-CUT<\/strong><\/p>\n<\/div>\n","protected":false},"excerpt":{"rendered":"<p>A Comiss\u00e3o de Empresa das Funcion\u00e1rias e dos Funcion\u00e1rios do Banco do Brasil (CEBB) se reuniu, no final da tarde desta quarta-feira (30), com a dire\u00e7\u00e3o do banco para discutir a integra\u00e7\u00e3o dos trabalhadores egressos dos bancos incorporados \u2014 Banco Nossa Caixa (BNC), Banco do Estado de Santa Catarina (Besc) e Banco do Estado do [&hellip;]<\/p>\n","protected":false},"author":2,"featured_media":16607,"comment_status":"","ping_status":"","sticky":false,"template":"","format":"standard","meta":{"footnotes":""},"categories":[3],"tags":[],"class_list":["post-16608","post","type-post","status-publish","format-standard","has-post-thumbnail","hentry","category-noticias"],"_links":{"self":[{"href":"https:\/\/hostnetart.com.br\/baixada\/wp-json\/wp\/v2\/posts\/16608","targetHints":{"allow":["GET"]}}],"collection":[{"href":"https:\/\/hostnetart.com.br\/baixada\/wp-json\/wp\/v2\/posts"}],"about":[{"href":"https:\/\/hostnetart.com.br\/baixada\/wp-json\/wp\/v2\/types\/post"}],"author":[{"embeddable":true,"href":"https:\/\/hostnetart.com.br\/baixada\/wp-json\/wp\/v2\/users\/2"}],"replies":[{"embeddable":true,"href":"https:\/\/hostnetart.com.br\/baixada\/wp-json\/wp\/v2\/comments?post=16608"}],"version-history":[{"count":0,"href":"https:\/\/hostnetart.com.br\/baixada\/wp-json\/wp\/v2\/posts\/16608\/revisions"}],"wp:featuredmedia":[{"embeddable":true,"href":"https:\/\/hostnetart.com.br\/baixada\/wp-json\/wp\/v2\/media\/16607"}],"wp:attachment":[{"href":"https:\/\/hostnetart.com.br\/baixada\/wp-json\/wp\/v2\/media?parent=16608"}],"wp:term":[{"taxonomy":"category","embeddable":true,"href":"https:\/\/hostnetart.com.br\/baixada\/wp-json\/wp\/v2\/categories?post=16608"},{"taxonomy":"post_tag","embeddable":true,"href":"https:\/\/hostnetart.com.br\/baixada\/wp-json\/wp\/v2\/tags?post=16608"}],"curies":[{"name":"wp","href":"https:\/\/api.w.org\/{rel}","templated":true}]}}