{"id":16606,"date":"2025-07-30T13:37:14","date_gmt":"2025-07-30T16:37:14","guid":{"rendered":"https:\/\/hostnetart.com.br\/baixada\/bancarias-e-bancarios-realizarao-27-conferencia-nacional-em-agosto\/"},"modified":"2025-07-30T13:37:14","modified_gmt":"2025-07-30T16:37:14","slug":"bancarias-e-bancarios-realizarao-27-conferencia-nacional-em-agosto","status":"publish","type":"post","link":"https:\/\/hostnetart.com.br\/baixada\/bancarias-e-bancarios-realizarao-27-conferencia-nacional-em-agosto\/","title":{"rendered":"Banc\u00e1rias e banc\u00e1rios realizar\u00e3o 27\u00aa Confer\u00eancia Nacional em agosto"},"content":{"rendered":"<p>Mais de 650 banc\u00e1rias e banc\u00e1rios de todo o Brasil, que trabalham nos diversos bancos que atuam no pa\u00eds, v\u00e3o realizar, de 22 a 24 de agosto, em S\u00e3o Paulo, sua 27\u00aa Confer\u00eancia Nacional, tendo como principal objetivo a defini\u00e7\u00e3o das prioridades e o plano de lutas da categoria at\u00e9 o ano que vem. O evento \u00e9 promovido pelo Comando Nacional dos Banc\u00e1rios.<\/p>\n<h2><strong>Consulta Nacional<\/strong><\/h2>\n<p>\u201cRealizamos a\u00a0<a href=\"https:\/\/contrafcut.com.br\/noticias\/bancaria-e-bancario-participe-da-consulta-nacional-2025\/\" target=\"_blank\" rel=\"noopener noreferrer\">Consulta Nacional \u00e0 categoria<\/a>, que contou com mais de 30 mil respondentes, e 11 confer\u00eancias nas diferentes regi\u00f5es do pa\u00eds. Na Confer\u00eancia Nacional, vamos debater sobre os pontos que foram trazidos de nossas bases sindicais e sobre diversas quest\u00f5es do dia a dia de trabalho da categoria e da sociedade brasileira para definirmos as a\u00e7\u00f5es em defesa da categoria e da classe trabalhadora como um todo\u201d, informou a presidenta da Confedera\u00e7\u00e3o Nacional dos Trabalhadores do Ramo Financeiro (Contraf-CUT) e vice-presidenta da CUT, Juvandia Moreira, que \u00e9 uma das coordenadoras do Comando Nacional do Banc\u00e1rios.<\/p>\n<p>\u201c\u00c9 um processo bastante democr\u00e1tico, do qual toda a categoria pode participar, apontando suas prioridades em quest\u00f5es, relacionadas \u00e0 defesa do emprego banc\u00e1rio, \u00e0 implementa\u00e7\u00e3o de novas tecnologias nos bancos, ao adoecimento relacionado ao trabalho, ao preconceito e equidade, \u00e0 melhoria dos sal\u00e1rios e rendas complementares, enfim mais espec\u00edficas da categoria\u201d, explicou Juvandia. \u201cMas tamb\u00e9m outras que envolvem a classe trabalhadora em geral e a sociedade como um todo, ligadas ao or\u00e7amento familiar; isen\u00e7\u00e3o de imposto de renda e outras quest\u00f5es tribut\u00e1rias; jornada de trabalho; cr\u00e9dito pessoal; e igualdade de g\u00eanero\u201d, completou.<\/p>\n<p>Os resultados da Consulta Nacional ser\u00e3o divulgados durante a 27\u00aa Confer\u00eancia Nacional.<\/p>\n<h2><strong>Diversidade<\/strong><\/h2>\n<p>As delega\u00e7\u00f5es devem respeitar a cota de g\u00eanero m\u00ednima de 30%. Outra recomenda\u00e7\u00e3o \u00e9 para que haja, pelo menos, 10% de delegados, ou delegadas, com at\u00e9 35 anos de idade.<\/p>\n<p>Para garantir a participa\u00e7\u00e3o de delegadas m\u00e3es e delegados pais de crian\u00e7as com at\u00e9 seis anos de idade, ser\u00e1 disponibilizada uma \u201ccreche\u201d, com espa\u00e7o de recrea\u00e7\u00e3o e cuidadores no local. Basta que, no momento da inscri\u00e7\u00e3o, seja informada a necessidade, para que a estrutura adequada para este servi\u00e7o esteja preparada para recepcionar todas as crian\u00e7as inscritas.<\/p>\n<h2><strong>Confer\u00eancias regionais<\/strong><\/h2>\n<p>Das\u00a0<a href=\"http:\/\/contrafcut.com.br\/noticias\/conheca-os-eixos-tematicos-dos-debates-das-conferencias-regionais-e-estaduais\/\" target=\"_blank\" rel=\"noopener noreferrer\">11 confer\u00eancias regionais<\/a>, seis j\u00e1 foram realizadas com banc\u00e1rios do Rio de Janeiro (Federa-RJ), Santa Catarina (Fetrafi-SC), S\u00e3o Paulo e Mato Grosso do Sul (Feeb-SP\/MS); Minas Gerais (Fetrafi-MG), Rio Grande do Sul (Fetrafi-RS) e da Bahia e Sergipe (Feeb-BA\/SE).<\/p>\n<p>Os banc\u00e1rios do Nordeste (Fetrafi-NE) se re\u00fanem de 1\u00ba a 3 de agosto, em Teresina (PI); do Rio de Janeiro e Esp\u00edrito Santo (Fetraf-RJ\/ES) em Itaperuna (RJ), no dia 2 de agosto; do Paran\u00e1 (Fetec-PR) e do Centro-Norte (Fetec-CN), no dia 9 de agosto, ambas em formato remoto, por meio de plataforma de confer\u00eancia eletr\u00f4nica pela internet; e de S\u00e3o Paulo (Fetec-SP), na capital do estado, no dia 16 de agosto.<\/p>\n<p>Neste ano, nas confer\u00eancias regionais foram debatidos oito temas: Conjuntura nacional e internacional; os impactos de novas tecnologias e da IA no trabalho banc\u00e1rio; a regula\u00e7\u00e3o do sistema financeiro nacional; redu\u00e7\u00e3o da jornada de trabalho sem redu\u00e7\u00e3o salarial; terceiriza\u00e7\u00e3o e pejotiza\u00e7\u00e3o no setor banc\u00e1rio; forma\u00e7\u00e3o; comunica\u00e7\u00e3o popular; e mobiliza\u00e7\u00e3o e organiza\u00e7\u00e3o dos trabalhadores.<\/p>\n<p>\u201cOs debates realizados nas confer\u00eancias regionais, e tamb\u00e9m nos encontros de trabalhadores de cada um dos principais bancos, s\u00e3o importantes para direcionar as prioridades que ser\u00e3o definidas na Confer\u00eancia Nacional. Sem elas, n\u00e3o seria poss\u00edvel realizarmos a confer\u00eancia nacional em apenas dois dias, devido \u00e0 diversidade de demandas e propostas de a\u00e7\u00e3o trazidas pelos trabalhadores do ramo\u201d, observou a presidenta do Sindicato dos Banc\u00e1rios de S\u00e3o Paulo, Osasco e Regi\u00e3o, Neiva Ribeiro, que divide a coordena\u00e7\u00e3o do Comando Nacional dos Banc\u00e1rios com a presidenta da Contraf-CUT.<\/p>\n<p>Al\u00e9m das confer\u00eancias regionais da categoria, s\u00e3o realizados encontros estaduais\/regionais de trabalhadores de cada um dos bancos e os principais bancos do pa\u00eds tamb\u00e9m realizam encontros\/congressos nacionais.<\/p>\n<p><strong>Fonte: Contraf-CUT<\/strong><\/p>\n","protected":false},"excerpt":{"rendered":"<p>Mais de 650 banc\u00e1rias e banc\u00e1rios de todo o Brasil, que trabalham nos diversos bancos que atuam no pa\u00eds, v\u00e3o realizar, de 22 a 24 de agosto, em S\u00e3o Paulo, sua 27\u00aa Confer\u00eancia Nacional, tendo como principal objetivo a defini\u00e7\u00e3o das prioridades e o plano de lutas da categoria at\u00e9 o ano que vem. O [&hellip;]<\/p>\n","protected":false},"author":2,"featured_media":16605,"comment_status":"","ping_status":"","sticky":false,"template":"","format":"standard","meta":{"footnotes":""},"categories":[3],"tags":[],"class_list":["post-16606","post","type-post","status-publish","format-standard","has-post-thumbnail","hentry","category-noticias"],"_links":{"self":[{"href":"https:\/\/hostnetart.com.br\/baixada\/wp-json\/wp\/v2\/posts\/16606","targetHints":{"allow":["GET"]}}],"collection":[{"href":"https:\/\/hostnetart.com.br\/baixada\/wp-json\/wp\/v2\/posts"}],"about":[{"href":"https:\/\/hostnetart.com.br\/baixada\/wp-json\/wp\/v2\/types\/post"}],"author":[{"embeddable":true,"href":"https:\/\/hostnetart.com.br\/baixada\/wp-json\/wp\/v2\/users\/2"}],"replies":[{"embeddable":true,"href":"https:\/\/hostnetart.com.br\/baixada\/wp-json\/wp\/v2\/comments?post=16606"}],"version-history":[{"count":0,"href":"https:\/\/hostnetart.com.br\/baixada\/wp-json\/wp\/v2\/posts\/16606\/revisions"}],"wp:featuredmedia":[{"embeddable":true,"href":"https:\/\/hostnetart.com.br\/baixada\/wp-json\/wp\/v2\/media\/16605"}],"wp:attachment":[{"href":"https:\/\/hostnetart.com.br\/baixada\/wp-json\/wp\/v2\/media?parent=16606"}],"wp:term":[{"taxonomy":"category","embeddable":true,"href":"https:\/\/hostnetart.com.br\/baixada\/wp-json\/wp\/v2\/categories?post=16606"},{"taxonomy":"post_tag","embeddable":true,"href":"https:\/\/hostnetart.com.br\/baixada\/wp-json\/wp\/v2\/tags?post=16606"}],"curies":[{"name":"wp","href":"https:\/\/api.w.org\/{rel}","templated":true}]}}