{"id":16604,"date":"2025-07-30T13:22:52","date_gmt":"2025-07-30T16:22:52","guid":{"rendered":"https:\/\/hostnetart.com.br\/baixada\/plano-juventude-negra-viva-avanca-com-acoes-de-comunicacao-e-adesao-de-novos-municipios\/"},"modified":"2025-07-30T13:22:52","modified_gmt":"2025-07-30T16:22:52","slug":"plano-juventude-negra-viva-avanca-com-acoes-de-comunicacao-e-adesao-de-novos-municipios","status":"publish","type":"post","link":"https:\/\/hostnetart.com.br\/baixada\/plano-juventude-negra-viva-avanca-com-acoes-de-comunicacao-e-adesao-de-novos-municipios\/","title":{"rendered":"Plano Juventude Negra Viva avan\u00e7a com a\u00e7\u00f5es de comunica\u00e7\u00e3o e ades\u00e3o de novos munic\u00edpios"},"content":{"rendered":"<p>Nesta segunda-feira (28), foi realizada a 5\u00aa Reuni\u00e3o Ordin\u00e1ria do Comit\u00ea Gestor do Plano Juventude Negra Viva (PJNV), na sede do BNDES, no Rio de Janeiro. O encontro foi convocado pelo Minist\u00e9rio da Igualdade Racial e pela Secretaria-Geral da Presid\u00eancia da Rep\u00fablica, por meio da Secretaria da Juventude, e contou com a participa\u00e7\u00e3o de representantes de diversas entidades e minist\u00e9rios.<\/p>\n<p>Dois pontos centrais marcaram os debates: a proposta de realiza\u00e7\u00e3o de um semin\u00e1rio nacional de comunica\u00e7\u00e3o e a inclus\u00e3o de 50 munic\u00edpios mapeados na ades\u00e3o ao PJNV. A ideia \u00e9 dinamizar as a\u00e7\u00f5es do plano por meio de mesas tem\u00e1ticas, debates e atividades culturais, al\u00e9m de ampliar o alcance das pol\u00edticas p\u00fablicas em regi\u00f5es mais afetadas pela viol\u00eancia letal contra a juventude negra.<\/p>\n<p>\u201cO semin\u00e1rio vai nos ajudar a comunicar melhor o plano e suas a\u00e7\u00f5es. E a ades\u00e3o dos 50 munic\u00edpios mapeados \u00e9 fundamental para interiorizar a pol\u00edtica p\u00fablica e atacar o problema onde ele \u00e9 mais grave\u201d, explicou o secret\u00e1rio de Combate ao Racismo da Contraf-CUT, Almir Aguiar, que \u00e9 membro do Comit\u00ea Gestor do PJNV e tamb\u00e9m representou a CUT Nacional na reuni\u00e3o.<\/p>\n<p>O PJNV \u00e9 um instrumento da pol\u00edtica de igualdade racial voltado \u00e0 juventude negra, com o objetivo de reduzir a viol\u00eancia letal e outras vulnerabilidades sociais que afetam essa parcela da popula\u00e7\u00e3o, combatendo o racismo estrutural. A import\u00e2ncia do plano fica evidente diante dos dados do Anu\u00e1rio Brasileiro de Seguran\u00e7a P\u00fablica, divulgado na \u00faltima semana: em 2024, foram registradas 44.127 mortes violentas intencionais, sendo 79% das v\u00edtimas homens negros e 48,5% com menos de 29 anos.<\/p>\n<p>\u201cReduzir a letalidade da juventude negra \u00e9 o grande objetivo do PJNV. Basta observar os dados alarmantes do Anu\u00e1rio da Seguran\u00e7a P\u00fablica para entender a import\u00e2ncia deste plano. A iniciativa do governo Lula \u00e9 um passo fundamental para conter a viol\u00eancia policial e o genoc\u00eddio da juventude negra\u201d, afirmou Almir Aguiar.<\/p>\n<p>O plano foi constru\u00eddo a partir do di\u00e1logo com mais de seis mil jovens de todo o pa\u00eds e envolve a articula\u00e7\u00e3o de 18 minist\u00e9rios. Ele est\u00e1 estruturado em 11 eixos transversais que abrangem \u00e1reas como justi\u00e7a, seguran\u00e7a p\u00fablica, educa\u00e7\u00e3o, sa\u00fade, cultura e meio ambiente.<\/p>\n<p>A programa\u00e7\u00e3o do comit\u00ea continua nesta ter\u00e7a-feira, no audit\u00f3rio da Universidade do Estado do Rio de Janeiro (UERJ), com a presen\u00e7a da ministra da Igualdade Racial, Anielle Franco, da deputada federal Benedita da Silva, mesas de debate e a elei\u00e7\u00e3o da delega\u00e7\u00e3o de jovens negros que participar\u00e1 da 5\u00aa Confer\u00eancia Nacional de Promo\u00e7\u00e3o da Igualdade Racial (V Conapir).<\/p>\n<p><strong>Fonte: Contraf-CUT<\/strong><\/p>\n","protected":false},"excerpt":{"rendered":"<p>Nesta segunda-feira (28), foi realizada a 5\u00aa Reuni\u00e3o Ordin\u00e1ria do Comit\u00ea Gestor do Plano Juventude Negra Viva (PJNV), na sede do BNDES, no Rio de Janeiro. O encontro foi convocado pelo Minist\u00e9rio da Igualdade Racial e pela Secretaria-Geral da Presid\u00eancia da Rep\u00fablica, por meio da Secretaria da Juventude, e contou com a participa\u00e7\u00e3o de representantes [&hellip;]<\/p>\n","protected":false},"author":2,"featured_media":16603,"comment_status":"","ping_status":"","sticky":false,"template":"","format":"standard","meta":{"footnotes":""},"categories":[3],"tags":[],"class_list":["post-16604","post","type-post","status-publish","format-standard","has-post-thumbnail","hentry","category-noticias"],"_links":{"self":[{"href":"https:\/\/hostnetart.com.br\/baixada\/wp-json\/wp\/v2\/posts\/16604","targetHints":{"allow":["GET"]}}],"collection":[{"href":"https:\/\/hostnetart.com.br\/baixada\/wp-json\/wp\/v2\/posts"}],"about":[{"href":"https:\/\/hostnetart.com.br\/baixada\/wp-json\/wp\/v2\/types\/post"}],"author":[{"embeddable":true,"href":"https:\/\/hostnetart.com.br\/baixada\/wp-json\/wp\/v2\/users\/2"}],"replies":[{"embeddable":true,"href":"https:\/\/hostnetart.com.br\/baixada\/wp-json\/wp\/v2\/comments?post=16604"}],"version-history":[{"count":0,"href":"https:\/\/hostnetart.com.br\/baixada\/wp-json\/wp\/v2\/posts\/16604\/revisions"}],"wp:featuredmedia":[{"embeddable":true,"href":"https:\/\/hostnetart.com.br\/baixada\/wp-json\/wp\/v2\/media\/16603"}],"wp:attachment":[{"href":"https:\/\/hostnetart.com.br\/baixada\/wp-json\/wp\/v2\/media?parent=16604"}],"wp:term":[{"taxonomy":"category","embeddable":true,"href":"https:\/\/hostnetart.com.br\/baixada\/wp-json\/wp\/v2\/categories?post=16604"},{"taxonomy":"post_tag","embeddable":true,"href":"https:\/\/hostnetart.com.br\/baixada\/wp-json\/wp\/v2\/tags?post=16604"}],"curies":[{"name":"wp","href":"https:\/\/api.w.org\/{rel}","templated":true}]}}