{"id":16596,"date":"2025-07-25T16:16:09","date_gmt":"2025-07-25T19:16:09","guid":{"rendered":"https:\/\/hostnetart.com.br\/baixada\/tem-duvidas-sobre-a-meta-atuarial-e-seus-impactos-nos-planos-da-funcef\/"},"modified":"2025-07-25T16:16:09","modified_gmt":"2025-07-25T19:16:09","slug":"tem-duvidas-sobre-a-meta-atuarial-e-seus-impactos-nos-planos-da-funcef","status":"publish","type":"post","link":"https:\/\/hostnetart.com.br\/baixada\/tem-duvidas-sobre-a-meta-atuarial-e-seus-impactos-nos-planos-da-funcef\/","title":{"rendered":"Tem d\u00favidas sobre a meta atuarial e seus impactos nos planos da Funcef?"},"content":{"rendered":"<p>Voc\u00ea j\u00e1 ouviu falar em meta atuarial, mas ainda tem d\u00favidas sobre como ela afeta seus benef\u00edcios, a rentabilidade dos investimentos ou o equil\u00edbrio dos planos da Funcef? A campanha\u00a0<strong><a href=\"https:\/\/metaatuarial.fenae.org.br\/portal\/meta-atuarial\/\" target=\"_blank\" rel=\"noopener noreferrer\">A Meta em Seu Benef\u00edcio<\/a><\/strong>, realizada pela Fenae, Contraf-CUT e Anapar vai sanar suas d\u00favidas. Afinal, foi criada justamente para isso! Traduzir o assunto, explicar os impactos e defender os seus direitos como participante dos planos da Funda\u00e7\u00e3o.<\/p>\n<p>Nos \u00faltimos meses, diversos conte\u00fados foram divulgados para explicar o que \u00e9 a meta atuarial, como ela entra no c\u00e1lculo do benef\u00edcio, como a altera\u00e7\u00e3o desta taxa impacta ativos e aposentados e quais as consequ\u00eancias caso ela n\u00e3o seja alcan\u00e7ada.<\/p>\n<p>Neste tira-d\u00favidas, reunimos as principais perguntas e respostas publicadas nos canais oficiais da campanha. A ideia \u00e9 ajudar voc\u00ea a entender de vez esse assunto que, embora t\u00e9cnico, tem tudo a ver com o seu futuro.<\/p>\n<p><a href=\"https:\/\/metaatuarial.fenae.org.br\/portal\/meta-atuarial\/#duvidas\" target=\"_blank\" rel=\"noopener noreferrer\">Todo o conte\u00fado tamb\u00e9m est\u00e1 dispon\u00edvel aqui. Clique e acesse.<\/a><\/p>\n<p>Ainda tem alguma d\u00favida? Fale com a gente! Envie sua pergunta para o\u00a0<a href=\"mailto:ametaemseubeneficio@gmail.com?subject=Tira%20d%C3%BAvida%20sobre%20meta%20da%20Funcef\">e-mail\u00a0<strong>ametaemseubeneficio@gmail.com<\/strong><\/a>\u00a0ou pelo WhatsApp:\u00a0<strong><a href=\"https:\/\/wa.me\/5561981428428\" target=\"_blank\" rel=\"noopener noreferrer\">(61) 98142-8428<\/a><\/strong>.<\/p>\n<p>Nosso compromisso \u00e9 com a transpar\u00eancia e o seu direito \u00e0 informa\u00e7\u00e3o sobre seus benef\u00edcios.\u00a0<a href=\"https:\/\/metaatuarial.fenae.org.br\/portal\/meta-atuarial\/\" target=\"_blank\" rel=\"noopener noreferrer\"><strong>Acesse o site da campanha e saiba mais!<\/strong><\/a><\/p>\n<p><strong>Fonte: Contraf-CUT<\/strong><\/p>\n","protected":false},"excerpt":{"rendered":"<p>Voc\u00ea j\u00e1 ouviu falar em meta atuarial, mas ainda tem d\u00favidas sobre como ela afeta seus benef\u00edcios, a rentabilidade dos investimentos ou o equil\u00edbrio dos planos da Funcef? A campanha\u00a0A Meta em Seu Benef\u00edcio, realizada pela Fenae, Contraf-CUT e Anapar vai sanar suas d\u00favidas. Afinal, foi criada justamente para isso! Traduzir o assunto, explicar os [&hellip;]<\/p>\n","protected":false},"author":2,"featured_media":16595,"comment_status":"","ping_status":"","sticky":false,"template":"","format":"standard","meta":{"footnotes":""},"categories":[3],"tags":[],"class_list":["post-16596","post","type-post","status-publish","format-standard","has-post-thumbnail","hentry","category-noticias"],"_links":{"self":[{"href":"https:\/\/hostnetart.com.br\/baixada\/wp-json\/wp\/v2\/posts\/16596","targetHints":{"allow":["GET"]}}],"collection":[{"href":"https:\/\/hostnetart.com.br\/baixada\/wp-json\/wp\/v2\/posts"}],"about":[{"href":"https:\/\/hostnetart.com.br\/baixada\/wp-json\/wp\/v2\/types\/post"}],"author":[{"embeddable":true,"href":"https:\/\/hostnetart.com.br\/baixada\/wp-json\/wp\/v2\/users\/2"}],"replies":[{"embeddable":true,"href":"https:\/\/hostnetart.com.br\/baixada\/wp-json\/wp\/v2\/comments?post=16596"}],"version-history":[{"count":0,"href":"https:\/\/hostnetart.com.br\/baixada\/wp-json\/wp\/v2\/posts\/16596\/revisions"}],"wp:featuredmedia":[{"embeddable":true,"href":"https:\/\/hostnetart.com.br\/baixada\/wp-json\/wp\/v2\/media\/16595"}],"wp:attachment":[{"href":"https:\/\/hostnetart.com.br\/baixada\/wp-json\/wp\/v2\/media?parent=16596"}],"wp:term":[{"taxonomy":"category","embeddable":true,"href":"https:\/\/hostnetart.com.br\/baixada\/wp-json\/wp\/v2\/categories?post=16596"},{"taxonomy":"post_tag","embeddable":true,"href":"https:\/\/hostnetart.com.br\/baixada\/wp-json\/wp\/v2\/tags?post=16596"}],"curies":[{"name":"wp","href":"https:\/\/api.w.org\/{rel}","templated":true}]}}