{"id":16594,"date":"2025-07-25T16:14:18","date_gmt":"2025-07-25T19:14:18","guid":{"rendered":"https:\/\/hostnetart.com.br\/baixada\/justica-condena-homem-por-racismo-contra-vigilante-em-agencia-bancaria\/"},"modified":"2025-07-25T16:14:18","modified_gmt":"2025-07-25T19:14:18","slug":"justica-condena-homem-por-racismo-contra-vigilante-em-agencia-bancaria","status":"publish","type":"post","link":"https:\/\/hostnetart.com.br\/baixada\/justica-condena-homem-por-racismo-contra-vigilante-em-agencia-bancaria\/","title":{"rendered":"Justi\u00e7a condena homem por racismo contra vigilante em ag\u00eancia banc\u00e1ria"},"content":{"rendered":"<p>Um homem de 58 anos foi condenado nesta semana a 2 anos e 10 meses de pris\u00e3o por crime de racismo, em Tijucas, regi\u00e3o da Grande Florian\u00f3polis (SC). A pena dever\u00e1 ser cumprida em regime aberto. O r\u00e9u ainda pode recorrer da decis\u00e3o ao Tribunal de Justi\u00e7a e seguir\u00e1 em liberdade enquanto aguarda o julgamento do recurso.<\/p>\n<p>O crime ocorreu no final de 2023, dentro de uma ag\u00eancia banc\u00e1ria da cidade, e foi registrado pelas c\u00e2meras de seguran\u00e7a do local. As imagens mostram que o homem tentou entrar na ag\u00eancia, mas foi barrado na porta girat\u00f3ria por portar objetos met\u00e1licos, como um celular e um molho de chaves. O vigilante Eric Santana dos Santos, de 47 anos, seguiu o protocolo e orientou o cliente a colocar os itens em uma gaveta coletora transparente, procedimento padr\u00e3o.<\/p>\n<p>A rea\u00e7\u00e3o do cliente, no entanto, foi agressiva. Ele come\u00e7ou a insultar um funcion\u00e1rio que auxiliava no autoatendimento e, em seguida, voltou-se contra o vigilante com ofensas verbais. Antes de sair do local, ainda fez gestos obscenos e imitava sons e movimentos de um macaco, em clara atitude racista.<\/p>\n<p>Eric, que atua como vigilante h\u00e1 uma d\u00e9cada, conseguiu anotar a placa do ve\u00edculo do agressor, o que permitiu sua identifica\u00e7\u00e3o. Com apoio das imagens e de testemunhas, ele procurou a Pol\u00edcia Civil e registrou a ocorr\u00eancia. O nome do agressor n\u00e3o foi divulgado, pois o processo corre sob segredo de Justi\u00e7a.<\/p>\n<p>Para o secret\u00e1rio de Combate ao Racismo da Contraf-CUT, Almir Aguiar, o caso evidencia o racismo estrutural que ainda impera nas rela\u00e7\u00f5es sociais e no ambiente de trabalho. &#8220;As estat\u00edsticas t\u00eam mostrado o quanto uma grande parcela da sociedade e institui\u00e7\u00f5es s\u00e3o racistas e cru\u00e9is com a maioria da popula\u00e7\u00e3o brasileira, que s\u00e3o os pobres e negros. Em pleno s\u00e9culo XXI, por mais que se aprofunde o debate sobre as quest\u00f5es raciais no Brasil, seguimos sofrendo ataques constantes e di\u00e1rios. S\u00e3o necess\u00e1rias pol\u00edticas mais severas para conter atitudes como o crime cometido contra esse vigilante, em Florian\u00f3polis&#8221;, afirmou.<\/p>\n<p>A condena\u00e7\u00e3o se baseia na Lei 14.532\/23, que equipara a inj\u00faria racial ao crime de racismo, com penas mais r\u00edgidas. Apesar disso, Almir destaca que ainda h\u00e1 lacunas importantes a serem preenchidas, especialmente no setor financeiro. &#8220;Debatemos com a Fenaban, na \u00faltima negocia\u00e7\u00e3o sobre igualdade de oportunidades, a cria\u00e7\u00e3o de um protocolo de procedimentos em casos de racismo no sistema financeiro, tanto contra banc\u00e1rios como contra trabalhadores negros, como os que atuam na \u00e1rea de limpeza e vigil\u00e2ncia&#8221;, pontuou o dirigente.<\/p>\n<p>A Contraf-CUT refor\u00e7a a import\u00e2ncia de que v\u00edtimas de racismo procurem apoio e denunciem. \u201cSomente com o enfrentamento direto e coletivo ser\u00e1 poss\u00edvel combater o preconceito e construir ambientes mais justos e igualit\u00e1rios\u201d, finalizou Almir.<\/p>\n<p><strong>Fonte: Contraf-CUT<\/strong><\/p>\n","protected":false},"excerpt":{"rendered":"<p>Um homem de 58 anos foi condenado nesta semana a 2 anos e 10 meses de pris\u00e3o por crime de racismo, em Tijucas, regi\u00e3o da Grande Florian\u00f3polis (SC). A pena dever\u00e1 ser cumprida em regime aberto. O r\u00e9u ainda pode recorrer da decis\u00e3o ao Tribunal de Justi\u00e7a e seguir\u00e1 em liberdade enquanto aguarda o julgamento [&hellip;]<\/p>\n","protected":false},"author":2,"featured_media":16593,"comment_status":"","ping_status":"","sticky":false,"template":"","format":"standard","meta":{"footnotes":""},"categories":[3],"tags":[],"class_list":["post-16594","post","type-post","status-publish","format-standard","has-post-thumbnail","hentry","category-noticias"],"_links":{"self":[{"href":"https:\/\/hostnetart.com.br\/baixada\/wp-json\/wp\/v2\/posts\/16594","targetHints":{"allow":["GET"]}}],"collection":[{"href":"https:\/\/hostnetart.com.br\/baixada\/wp-json\/wp\/v2\/posts"}],"about":[{"href":"https:\/\/hostnetart.com.br\/baixada\/wp-json\/wp\/v2\/types\/post"}],"author":[{"embeddable":true,"href":"https:\/\/hostnetart.com.br\/baixada\/wp-json\/wp\/v2\/users\/2"}],"replies":[{"embeddable":true,"href":"https:\/\/hostnetart.com.br\/baixada\/wp-json\/wp\/v2\/comments?post=16594"}],"version-history":[{"count":0,"href":"https:\/\/hostnetart.com.br\/baixada\/wp-json\/wp\/v2\/posts\/16594\/revisions"}],"wp:featuredmedia":[{"embeddable":true,"href":"https:\/\/hostnetart.com.br\/baixada\/wp-json\/wp\/v2\/media\/16593"}],"wp:attachment":[{"href":"https:\/\/hostnetart.com.br\/baixada\/wp-json\/wp\/v2\/media?parent=16594"}],"wp:term":[{"taxonomy":"category","embeddable":true,"href":"https:\/\/hostnetart.com.br\/baixada\/wp-json\/wp\/v2\/categories?post=16594"},{"taxonomy":"post_tag","embeddable":true,"href":"https:\/\/hostnetart.com.br\/baixada\/wp-json\/wp\/v2\/tags?post=16594"}],"curies":[{"name":"wp","href":"https:\/\/api.w.org\/{rel}","templated":true}]}}