{"id":16588,"date":"2025-07-23T13:33:25","date_gmt":"2025-07-23T16:33:25","guid":{"rendered":"https:\/\/hostnetart.com.br\/baixada\/participe-da-consulta-sobre-problemas-no-ambiente-de-trabalho\/"},"modified":"2025-07-23T13:33:25","modified_gmt":"2025-07-23T16:33:25","slug":"participe-da-consulta-sobre-problemas-no-ambiente-de-trabalho","status":"publish","type":"post","link":"https:\/\/hostnetart.com.br\/baixada\/participe-da-consulta-sobre-problemas-no-ambiente-de-trabalho\/","title":{"rendered":"Participe da consulta sobre problemas no ambiente de trabalho"},"content":{"rendered":"<p>A Federa\u00e7\u00e3o dos Trabalhadores do Ramo Financeiro dos Estados do Rio de Janeiro e Esp\u00edrito Santo (<strong>Fetraf RJ\/ES<\/strong>), iniciou uma\u00a0<strong>consulta<\/strong>\u00a0para\u00a0<strong>entender<\/strong>\u00a0os\u00a0<strong>desafios<\/strong>\u00a0que os\u00a0<strong>banc\u00e1rios e banc\u00e1rias enfrentam em sua rotina de trabalho<\/strong>.<\/p>\n<p>O Sindicato dos Banc\u00e1rios da Baixada Fluminense \u00e9 filiado \u00e0 esta Federa\u00e7\u00e3o.\u00a0<\/p>\n<p>A pesquisa \u00e9\u00a0<strong>aberta<\/strong>\u00a0a todos os\u00a0<strong>trabalhadores e trabalhadoras<\/strong>\u00a0do ramo financeiro,\u00a0<strong>sindicalizados ou n\u00e3o<\/strong>, que pertencem aos Sindicatos filiados \u00e0 Federa\u00e7\u00e3o:\u00a0<strong>Angra dos Reis e Regi\u00e3o, Baixada Fluminense, Esp\u00edrito Santo, Itaperuna e Regi\u00e3o, Maca\u00e9 e Regi\u00e3o, Nova Friburgo e Regi\u00e3o e Tr\u00eas Rios e Regi\u00e3o.<\/strong><\/p>\n<p><span style=\"text-decoration: underline;\">Compartilhe seu relato, seja sobre ass\u00e9dio moral, ass\u00e9dio sexual ou cobran\u00e7a excessiva de metas, e contribua para a luta por um ambiente de trabalho mais humano e justo.<\/span><\/p>\n<p>Os trabalhadores t\u00eam\u00a0<strong>at\u00e9 o dia 30 de julho para responder<\/strong>\u00a0e o sigilo das respostas \u00e9 garantido.<\/p>\n<p><strong>Para participar<\/strong>, basta\u00a0<strong>acessar<\/strong>\u00a0o\u00a0<strong>link<\/strong>:\u00a0<a href=\"https:\/\/forms.gle\/h5QC27UbRoSU88Jd7\">https:\/\/forms.gle\/h5QC27UbRoSU88Jd7<\/a><\/p>\n<p><em><strong>Sua voz faz a diferen\u00e7a!<\/strong><\/em><\/p>\n<p><strong>E SUA PARTICIPA\u00c7\u00c3O \u00c9 FUNDAMENTAL!<\/strong><\/p>\n","protected":false},"excerpt":{"rendered":"<p>A Federa\u00e7\u00e3o dos Trabalhadores do Ramo Financeiro dos Estados do Rio de Janeiro e Esp\u00edrito Santo (Fetraf RJ\/ES), iniciou uma\u00a0consulta\u00a0para\u00a0entender\u00a0os\u00a0desafios\u00a0que os\u00a0banc\u00e1rios e banc\u00e1rias enfrentam em sua rotina de trabalho. O Sindicato dos Banc\u00e1rios da Baixada Fluminense \u00e9 filiado \u00e0 esta Federa\u00e7\u00e3o.\u00a0 A pesquisa \u00e9\u00a0aberta\u00a0a todos os\u00a0trabalhadores e trabalhadoras\u00a0do ramo financeiro,\u00a0sindicalizados ou n\u00e3o, que pertencem aos [&hellip;]<\/p>\n","protected":false},"author":2,"featured_media":16587,"comment_status":"","ping_status":"","sticky":false,"template":"","format":"standard","meta":{"footnotes":""},"categories":[3],"tags":[],"class_list":["post-16588","post","type-post","status-publish","format-standard","has-post-thumbnail","hentry","category-noticias"],"_links":{"self":[{"href":"https:\/\/hostnetart.com.br\/baixada\/wp-json\/wp\/v2\/posts\/16588","targetHints":{"allow":["GET"]}}],"collection":[{"href":"https:\/\/hostnetart.com.br\/baixada\/wp-json\/wp\/v2\/posts"}],"about":[{"href":"https:\/\/hostnetart.com.br\/baixada\/wp-json\/wp\/v2\/types\/post"}],"author":[{"embeddable":true,"href":"https:\/\/hostnetart.com.br\/baixada\/wp-json\/wp\/v2\/users\/2"}],"replies":[{"embeddable":true,"href":"https:\/\/hostnetart.com.br\/baixada\/wp-json\/wp\/v2\/comments?post=16588"}],"version-history":[{"count":0,"href":"https:\/\/hostnetart.com.br\/baixada\/wp-json\/wp\/v2\/posts\/16588\/revisions"}],"wp:featuredmedia":[{"embeddable":true,"href":"https:\/\/hostnetart.com.br\/baixada\/wp-json\/wp\/v2\/media\/16587"}],"wp:attachment":[{"href":"https:\/\/hostnetart.com.br\/baixada\/wp-json\/wp\/v2\/media?parent=16588"}],"wp:term":[{"taxonomy":"category","embeddable":true,"href":"https:\/\/hostnetart.com.br\/baixada\/wp-json\/wp\/v2\/categories?post=16588"},{"taxonomy":"post_tag","embeddable":true,"href":"https:\/\/hostnetart.com.br\/baixada\/wp-json\/wp\/v2\/tags?post=16588"}],"curies":[{"name":"wp","href":"https:\/\/api.w.org\/{rel}","templated":true}]}}