{"id":16586,"date":"2025-07-23T13:27:14","date_gmt":"2025-07-23T16:27:14","guid":{"rendered":"https:\/\/hostnetart.com.br\/baixada\/folga-assiduidade-deve-ser-utilizada-ate-31-de-agosto-2\/"},"modified":"2025-07-23T13:27:14","modified_gmt":"2025-07-23T16:27:14","slug":"folga-assiduidade-deve-ser-utilizada-ate-31-de-agosto-2","status":"publish","type":"post","link":"https:\/\/hostnetart.com.br\/baixada\/folga-assiduidade-deve-ser-utilizada-ate-31-de-agosto-2\/","title":{"rendered":"Folga assiduidade deve ser utilizada at\u00e9 31 de agosto"},"content":{"rendered":"<p>Banc\u00e1rias e banc\u00e1rios devem ficar atentos: se ainda n\u00e3o tiverem usufru\u00eddo da <strong>folga assiduidade<\/strong>, prevista na Conven\u00e7\u00e3o Coletiva de Trabalho (CCT), o <strong>prazo termina em 31 de agosto de 2025<\/strong>.<\/p>\n<p>Os bancos conceder\u00e3o 1 (um) dia de aus\u00eancia remunerada ao empregado, devida a todos com, pelo menos, um ano de v\u00ednculo empregat\u00edcio, em efetivo exerc\u00edcio na data da assinatura da Conven\u00e7\u00e3o Coletiva de Trabalho, e que n\u00e3o tenha nenhuma falta injustificada ao trabalho nos seguintes per\u00edodos:<\/p>\n<p><em><strong>a) frui\u00e7\u00e3o de 1\u00ba.09.2024 a 31.08.2025, relativamente \u00e0 frequ\u00eancia de 1\u00ba.09.2023 a 31.08.2024; e<\/strong><\/em><\/p>\n<p><em><strong>b) frui\u00e7\u00e3o de 1\u00ba.09.2025 a 31.08.2026, relativamente \u00e0 frequ\u00eancia de 1\u00ba.09.2024 a 31.08.2025.<\/strong><\/em><\/p>\n<p><span style=\"text-decoration: underline;\">A folga n\u00e3o pode ser convertida em pec\u00fania (dinheiro), n\u00e3o adquire car\u00e1ter cumulativo e n\u00e3o poder\u00e1 ser utilizada para compensar faltas ao servi\u00e7o.<\/span><\/p>\n<p>A data deve ser definida em conjunto com o gestor.<\/p>\n<p><strong>IMPORTANTE<\/strong><\/p>\n<p>O banco que j\u00e1 concede qualquer outro benef\u00edcio que resulte em folga ao empregado, tais como faltas abonadas, abono assiduidade, folga de anivers\u00e1rio, e outros, fica desobrigado do cumprimento desta cl\u00e1usula, sempre observando a frui\u00e7\u00e3o dessa folga em dia \u00fatil e dentro do per\u00edodo estipulado no par\u00e1grafo primeiro.<\/p>\n<p><span style=\"text-decoration: underline;\">Qualquer problema, comunique ao Sindicato.<\/span><\/p>\n","protected":false},"excerpt":{"rendered":"<p>Banc\u00e1rias e banc\u00e1rios devem ficar atentos: se ainda n\u00e3o tiverem usufru\u00eddo da folga assiduidade, prevista na Conven\u00e7\u00e3o Coletiva de Trabalho (CCT), o prazo termina em 31 de agosto de 2025. Os bancos conceder\u00e3o 1 (um) dia de aus\u00eancia remunerada ao empregado, devida a todos com, pelo menos, um ano de v\u00ednculo empregat\u00edcio, em efetivo exerc\u00edcio [&hellip;]<\/p>\n","protected":false},"author":2,"featured_media":16585,"comment_status":"","ping_status":"","sticky":false,"template":"","format":"standard","meta":{"footnotes":""},"categories":[3],"tags":[],"class_list":["post-16586","post","type-post","status-publish","format-standard","has-post-thumbnail","hentry","category-noticias"],"_links":{"self":[{"href":"https:\/\/hostnetart.com.br\/baixada\/wp-json\/wp\/v2\/posts\/16586","targetHints":{"allow":["GET"]}}],"collection":[{"href":"https:\/\/hostnetart.com.br\/baixada\/wp-json\/wp\/v2\/posts"}],"about":[{"href":"https:\/\/hostnetart.com.br\/baixada\/wp-json\/wp\/v2\/types\/post"}],"author":[{"embeddable":true,"href":"https:\/\/hostnetart.com.br\/baixada\/wp-json\/wp\/v2\/users\/2"}],"replies":[{"embeddable":true,"href":"https:\/\/hostnetart.com.br\/baixada\/wp-json\/wp\/v2\/comments?post=16586"}],"version-history":[{"count":0,"href":"https:\/\/hostnetart.com.br\/baixada\/wp-json\/wp\/v2\/posts\/16586\/revisions"}],"wp:featuredmedia":[{"embeddable":true,"href":"https:\/\/hostnetart.com.br\/baixada\/wp-json\/wp\/v2\/media\/16585"}],"wp:attachment":[{"href":"https:\/\/hostnetart.com.br\/baixada\/wp-json\/wp\/v2\/media?parent=16586"}],"wp:term":[{"taxonomy":"category","embeddable":true,"href":"https:\/\/hostnetart.com.br\/baixada\/wp-json\/wp\/v2\/categories?post=16586"},{"taxonomy":"post_tag","embeddable":true,"href":"https:\/\/hostnetart.com.br\/baixada\/wp-json\/wp\/v2\/tags?post=16586"}],"curies":[{"name":"wp","href":"https:\/\/api.w.org\/{rel}","templated":true}]}}