{"id":16584,"date":"2025-07-23T13:25:50","date_gmt":"2025-07-23T16:25:50","guid":{"rendered":"https:\/\/hostnetart.com.br\/baixada\/ministro-do-trabalho-luiz-marinho-visita-a-contraf-cut-e-o-sindicato-dos-bancarios-e-financiarios-de-sao-paulo-osasco-e-regiao\/"},"modified":"2025-07-23T13:25:50","modified_gmt":"2025-07-23T16:25:50","slug":"ministro-do-trabalho-luiz-marinho-visita-a-contraf-cut-e-o-sindicato-dos-bancarios-e-financiarios-de-sao-paulo-osasco-e-regiao","status":"publish","type":"post","link":"https:\/\/hostnetart.com.br\/baixada\/ministro-do-trabalho-luiz-marinho-visita-a-contraf-cut-e-o-sindicato-dos-bancarios-e-financiarios-de-sao-paulo-osasco-e-regiao\/","title":{"rendered":"Ministro do Trabalho Luiz Marinho visita a Contraf-CUT e o Sindicato dos Banc\u00e1rios e Financi\u00e1rios de S\u00e3o Paulo, Osasco e Regi\u00e3o"},"content":{"rendered":"<p>A presidenta da Contraf-CUT, Juvandia Moreira, a presidenta do Sindicato dos Banc\u00e1rios e Financi\u00e1rios de S\u00e3o Paulo, Osasco e Regi\u00e3o (Seeb-SP), Neiva Ribeiro, e o deputado estadual, Luiz Claudio Marcolino (PT-SP), recepcionaram o ministro do Trabalho e Emprego, Luiz Marinho, na tarde desta sexta-feira (18).<\/p>\n<p><strong>\u201cNa oportunidade, conversamos sobre os desafios atuais no mercado de trabalho, como a amplia\u00e7\u00e3o da pejotiza\u00e7\u00e3o, no lugar das contrata\u00e7\u00f5es CLT, e os impactos da Intelig\u00eancia Artificial nos empregos\u201d<\/strong>, ressaltou Juvandia Moreira.<\/p>\n<p><strong>\u201cTamb\u00e9m discutimos assimetria regulat\u00f3ria, que prejudica os direitos dos trabalhadores que deveriam receber todos os direitos dos banc\u00e1rios&#8221;,<\/strong>\u00a0completou Neiva Ribeiro.<\/p>\n<p>O deputado Luiz Claudio\u00a0<strong>refor\u00e7ou que cobraram ainda a desonera\u00e7\u00e3o tribut\u00e1ria \u201cque tem impactado de forma negativa na fraude fiscal de alguns bancos\u201d<\/strong>, e agradeceu a reuni\u00e3o que teve em Bras\u00edlia, com o ministro, onde trataram do seguro defeso dos pescadores do Estado de S\u00e3o Paulo.<\/p>\n<p><strong>Fonte: Contraf-CUT<\/strong><\/p>\n","protected":false},"excerpt":{"rendered":"<p>A presidenta da Contraf-CUT, Juvandia Moreira, a presidenta do Sindicato dos Banc\u00e1rios e Financi\u00e1rios de S\u00e3o Paulo, Osasco e Regi\u00e3o (Seeb-SP), Neiva Ribeiro, e o deputado estadual, Luiz Claudio Marcolino (PT-SP), recepcionaram o ministro do Trabalho e Emprego, Luiz Marinho, na tarde desta sexta-feira (18). \u201cNa oportunidade, conversamos sobre os desafios atuais no mercado de [&hellip;]<\/p>\n","protected":false},"author":2,"featured_media":16583,"comment_status":"","ping_status":"","sticky":false,"template":"","format":"standard","meta":{"footnotes":""},"categories":[3],"tags":[],"class_list":["post-16584","post","type-post","status-publish","format-standard","has-post-thumbnail","hentry","category-noticias"],"_links":{"self":[{"href":"https:\/\/hostnetart.com.br\/baixada\/wp-json\/wp\/v2\/posts\/16584","targetHints":{"allow":["GET"]}}],"collection":[{"href":"https:\/\/hostnetart.com.br\/baixada\/wp-json\/wp\/v2\/posts"}],"about":[{"href":"https:\/\/hostnetart.com.br\/baixada\/wp-json\/wp\/v2\/types\/post"}],"author":[{"embeddable":true,"href":"https:\/\/hostnetart.com.br\/baixada\/wp-json\/wp\/v2\/users\/2"}],"replies":[{"embeddable":true,"href":"https:\/\/hostnetart.com.br\/baixada\/wp-json\/wp\/v2\/comments?post=16584"}],"version-history":[{"count":0,"href":"https:\/\/hostnetart.com.br\/baixada\/wp-json\/wp\/v2\/posts\/16584\/revisions"}],"wp:featuredmedia":[{"embeddable":true,"href":"https:\/\/hostnetart.com.br\/baixada\/wp-json\/wp\/v2\/media\/16583"}],"wp:attachment":[{"href":"https:\/\/hostnetart.com.br\/baixada\/wp-json\/wp\/v2\/media?parent=16584"}],"wp:term":[{"taxonomy":"category","embeddable":true,"href":"https:\/\/hostnetart.com.br\/baixada\/wp-json\/wp\/v2\/categories?post=16584"},{"taxonomy":"post_tag","embeddable":true,"href":"https:\/\/hostnetart.com.br\/baixada\/wp-json\/wp\/v2\/tags?post=16584"}],"curies":[{"name":"wp","href":"https:\/\/api.w.org\/{rel}","templated":true}]}}