{"id":16575,"date":"2025-07-21T14:58:26","date_gmt":"2025-07-21T17:58:26","guid":{"rendered":"https:\/\/hostnetart.com.br\/baixada\/inscricoes-para-comissoes-de-diversidade-da-caixa-vao-ate-23-de-julho\/"},"modified":"2025-07-21T14:58:26","modified_gmt":"2025-07-21T17:58:26","slug":"inscricoes-para-comissoes-de-diversidade-da-caixa-vao-ate-23-de-julho","status":"publish","type":"post","link":"https:\/\/hostnetart.com.br\/baixada\/inscricoes-para-comissoes-de-diversidade-da-caixa-vao-ate-23-de-julho\/","title":{"rendered":"Inscri\u00e7\u00f5es para Comiss\u00f5es de Diversidade da Caixa v\u00e3o at\u00e9 23 de julho"},"content":{"rendered":"<\/p>\n<p>As inscri\u00e7\u00f5es para o processo de escolha dos membros das Comiss\u00f5es Regionais de Diversidade v\u00e3o at\u00e9 o dia 23 de julho (quarta-feira). Para participar, as interessadas e interessados devem acessar o Portal Pessoas.Caixa, ler o \u201cRegulamento de Sele\u00e7\u00e3o de Novos Membros das Comiss\u00f5es Regionais de Diversidade\u201d e preencher o formul\u00e1rio.<\/p>\n<p>\u201cRespeito \u00e0 diversidade n\u00e3o \u00e9 caridade, mas sim um valor importante e produtivo para uma empresa como a Caixa, que \u00e9 o banco p\u00fablico com o maior n\u00famero de clientes e agente financeiro de pol\u00edticas p\u00fablicas. A \u2018cara\u2019 da Caixa deve ser a cara do povo brasileiro, diverso. Mais do que declara\u00e7\u00f5es, nosso objetivo \u00e9 provocar mudan\u00e7as concretas na vida de quem constr\u00f3i a Caixa no dia a dia, com mais oportunidades para o conjunto, enxergando e valorizando as diferen\u00e7as que nos fazem humanos\u201d, disse a integrante da Comiss\u00e3o da Diversidade \u2013 Regi\u00e3o Norte, indicada pela Contraf CUT, Tatiana Oliveira, ao ressaltar a import\u00e2ncia da participa\u00e7\u00e3o das colegas e dos colegas no processo seletivo.<\/p>\n<p>Como parte da inscri\u00e7\u00e3o, \u00e9 preciso enviar o documento de interesse (com at\u00e9 mil palavras) descrevendo suas motiva\u00e7\u00f5es, experi\u00eancias relevantes, publica\u00e7\u00f5es acad\u00eamicas (caso possua) e outras a\u00e7\u00f5es que tenha realizado e sejam alinhadas \u00e0 diversidade, al\u00e9m, \u00e9 claro de dizer como pretendem contribuir para a promo\u00e7\u00e3o de um ambiente de trabalho mais inclusivo, justo e equ\u00e2nime.<\/p>\n<p>S\u00e3o oito comiss\u00f5es ligadas a cada uma das Gipes (Bel\u00e9m, Belo Horizonte, Bras\u00edlia, Curitiba, Fortaleza, Salvador, Rio de Janeiro e S\u00e3o Paulo). S\u00e3o cinco vagas para cada comiss\u00e3o para empregadas\/empregados de diferentes cargos\/fun\u00e7\u00f5es e caracter\u00edsticas identit\u00e1rias (uma para cada eixo: equidade de g\u00eanero, ra\u00e7a\/cor, pessoa com defici\u00eancia, gera\u00e7\u00f5es e LGBTQIA+).<\/p>\n<p>A an\u00e1lise das inscri\u00e7\u00f5es ocorrer\u00e1 entre 24 de julho e 14 de agosto, e a divulga\u00e7\u00e3o dos resultados ser\u00e1 em 15 de agosto.<\/p>\n<h2><strong>Quem pode se inscrever<\/strong><\/h2>\n<ul>\n<li>Empregados da Caixa com pelo menos 3 anos de admiss\u00e3o;<\/li>\n<li>Pessoas com caracter\u00edsticas identit\u00e1rias de cada um dos eixos;<\/li>\n<li>Pessoas com afinidade e compromisso com a pauta da diversidade, equidade e inclus\u00e3o.<\/li>\n<\/ul>\n<h2><strong>Atribui\u00e7\u00f5es<\/strong><\/h2>\n<ul>\n<li>Representar os empregados, em \u00e2mbito regional, no que diz respeito aos temas de diversidade, equidade e inclus\u00e3o;<\/li>\n<li>Atuar como multiplicadores da cultura de respeito e valoriza\u00e7\u00e3o da diversidade, por meio da condu\u00e7\u00e3o de rodas de di\u00e1logo e a\u00e7\u00f5es de letramento (online e presencial);<\/li>\n<li>Atuar em propostas coletivas e fact\u00edveis para o Programa Diversidade e Inclus\u00e3o;<\/li>\n<li>Participar ativamente dos grupos de afinidades em plataforma virtual;<\/li>\n<li>Contribuir com a cria\u00e7\u00e3o de solu\u00e7\u00f5es de letramento nos temas relacionados ao Programa Diversidade e Inclus\u00e3o sob orienta\u00e7\u00e3o da GIPES e da GECLN;<\/li>\n<li>Participar de a\u00e7\u00f5es e eventos estrat\u00e9gicos do Programa Diversidade e Inclus\u00e3o, independente do formato de realiza\u00e7\u00e3o.<\/li>\n<\/ul>\n<p><strong>Fonte: Contraf-CUT<\/strong><\/p>\n","protected":false},"excerpt":{"rendered":"<p>As inscri\u00e7\u00f5es para o processo de escolha dos membros das Comiss\u00f5es Regionais de Diversidade v\u00e3o at\u00e9 o dia 23 de julho (quarta-feira). Para participar, as interessadas e interessados devem acessar o Portal Pessoas.Caixa, ler o \u201cRegulamento de Sele\u00e7\u00e3o de Novos Membros das Comiss\u00f5es Regionais de Diversidade\u201d e preencher o formul\u00e1rio. \u201cRespeito \u00e0 diversidade n\u00e3o \u00e9 [&hellip;]<\/p>\n","protected":false},"author":2,"featured_media":16574,"comment_status":"","ping_status":"","sticky":false,"template":"","format":"standard","meta":{"footnotes":""},"categories":[3],"tags":[],"class_list":["post-16575","post","type-post","status-publish","format-standard","has-post-thumbnail","hentry","category-noticias"],"_links":{"self":[{"href":"https:\/\/hostnetart.com.br\/baixada\/wp-json\/wp\/v2\/posts\/16575","targetHints":{"allow":["GET"]}}],"collection":[{"href":"https:\/\/hostnetart.com.br\/baixada\/wp-json\/wp\/v2\/posts"}],"about":[{"href":"https:\/\/hostnetart.com.br\/baixada\/wp-json\/wp\/v2\/types\/post"}],"author":[{"embeddable":true,"href":"https:\/\/hostnetart.com.br\/baixada\/wp-json\/wp\/v2\/users\/2"}],"replies":[{"embeddable":true,"href":"https:\/\/hostnetart.com.br\/baixada\/wp-json\/wp\/v2\/comments?post=16575"}],"version-history":[{"count":0,"href":"https:\/\/hostnetart.com.br\/baixada\/wp-json\/wp\/v2\/posts\/16575\/revisions"}],"wp:featuredmedia":[{"embeddable":true,"href":"https:\/\/hostnetart.com.br\/baixada\/wp-json\/wp\/v2\/media\/16574"}],"wp:attachment":[{"href":"https:\/\/hostnetart.com.br\/baixada\/wp-json\/wp\/v2\/media?parent=16575"}],"wp:term":[{"taxonomy":"category","embeddable":true,"href":"https:\/\/hostnetart.com.br\/baixada\/wp-json\/wp\/v2\/categories?post=16575"},{"taxonomy":"post_tag","embeddable":true,"href":"https:\/\/hostnetart.com.br\/baixada\/wp-json\/wp\/v2\/tags?post=16575"}],"curies":[{"name":"wp","href":"https:\/\/api.w.org\/{rel}","templated":true}]}}