{"id":16573,"date":"2025-07-21T14:56:42","date_gmt":"2025-07-21T17:56:42","guid":{"rendered":"https:\/\/hostnetart.com.br\/baixada\/curso-paternidade-e-maternidade-responsavel-inscricoes-para-turma-de-agosto-estao-abertas\/"},"modified":"2025-07-21T14:56:42","modified_gmt":"2025-07-21T17:56:42","slug":"curso-paternidade-e-maternidade-responsavel-inscricoes-para-turma-de-agosto-estao-abertas","status":"publish","type":"post","link":"https:\/\/hostnetart.com.br\/baixada\/curso-paternidade-e-maternidade-responsavel-inscricoes-para-turma-de-agosto-estao-abertas\/","title":{"rendered":"Curso Paternidade e Maternidade Respons\u00e1vel: inscri\u00e7\u00f5es para turma de agosto est\u00e3o abertas!"},"content":{"rendered":"<\/p>\n<p>Est\u00e3o abertas as inscri\u00e7\u00f5es para a nova turma do curso Paternidade e Maternidade com Rela\u00e7\u00f5es Compartilhadas, oferecido pelo Centro de Forma\u00e7\u00e3o Profissional 28 de Agosto.<\/p>\n<p><strong>As aulas ser\u00e3o ao vivo e totalmente online, de 11 a 14 de agosto (segunda a quinta-feira), das 19h30 \u00e0s 21h30.<\/strong> Para o p\u00fablico em geral, o valor do curso \u00e9 R$ 280, mas para os banc\u00e1rios filiados aos sindicatos da base da Confedera\u00e7\u00e3o Nacional dos Trabalhadores do Ramo Financeiro (Contraf-CUT) o valor \u00e9 de apenas R$ 180.<\/p>\n<p>Para inscrever-se e ter mais informa\u00e7\u00f5es sobre o conte\u00fado<a href=\"https:\/\/loja.spbancarios.com.br\/produto\/paternidade-responsavel\/?_gl=1*8qmtaj*_gcl_au*MTIwNjQ2NTgwNS4xNzQ3MzE0Mjcw*_ga*MzI4ODk4NjMxLjE3MDU5Mjk1NjM.*_ga_T1YR283R0X*czE3NTMxMDEyOTkkbzE5MCRnMSR0MTc1MzEwNTAzOSRqNjAkbDAkaDA.\" target=\"_blank\" rel=\"noopener noreferrer\"><strong> clique aqui<\/strong><\/a>.<\/p>\n<p>O curso destina-se a pais e m\u00e3es interessados em aprender e refletir sobre aspectos fundamentais para construir boas rela\u00e7\u00f5es com seus filhos. Em rela\u00e7\u00e3o \u00e0 metodologia, as aulas s\u00e3o expositivas com tempo para coment\u00e1rios, perguntas e debates. Durante as atividades, os alunos tamb\u00e9m recebem indica\u00e7\u00f5es de refer\u00eancias bibliogr\u00e1ficas e filmogr\u00e1ficas usadas no curso.<\/p>\n<h2>Banc\u00e1rio, amplie sua licen\u00e7a paternidade para 20 dias!<\/h2>\n<p>O curso \u00e9 pr\u00e9-requisito para que os banc\u00e1rios tenham a licen\u00e7a-paternidade de 20 dias \u2013 uma conquista da categoria, obtida na Campanha Nacional de 2016.<\/p>\n<p><strong>\u201cOrientamos que todos fa\u00e7am este curso, ainda que n\u00e3o sejam pais de primeira viagem, porque cada crian\u00e7a que chega na fam\u00edlia \u00e9 uma nova experi\u00eancia e, portanto, exige novos desafios, al\u00e9m das alegrias inerentes ligadas ao afeto e v\u00ednculos que s\u00e3o estabelecidos neste momento t\u00e3o especial\u201d<\/strong>, observa a secret\u00e1ria da Mulher da Contraf-CUT, Fernanda Lopes. <strong>\u201cMas vale destacar que um ponto bastante importante \u00e9 que este curso, realizado h\u00e1 tantos anos gra\u00e7as a essa conquista do movimento sindical banc\u00e1rio, auxilia os homens a compreenderem a complexidade de lidar com crian\u00e7as e ajudarem suas parceiras. Essa presen\u00e7a mais ativa e consciente do pai, al\u00e9m de retirar a sobrecarga hist\u00f3rica que recai sobre a mulher, dentro da din\u00e2mica familiar, proporciona um melhor desenvolvimento emocional e social da crian\u00e7a\u201d<\/strong>, completa.<\/p>\n<p><strong>Fonte: Contraf-CUT<\/strong><\/p>\n","protected":false},"excerpt":{"rendered":"<p>Est\u00e3o abertas as inscri\u00e7\u00f5es para a nova turma do curso Paternidade e Maternidade com Rela\u00e7\u00f5es Compartilhadas, oferecido pelo Centro de Forma\u00e7\u00e3o Profissional 28 de Agosto. As aulas ser\u00e3o ao vivo e totalmente online, de 11 a 14 de agosto (segunda a quinta-feira), das 19h30 \u00e0s 21h30. Para o p\u00fablico em geral, o valor do curso [&hellip;]<\/p>\n","protected":false},"author":2,"featured_media":16572,"comment_status":"","ping_status":"","sticky":false,"template":"","format":"standard","meta":{"footnotes":""},"categories":[3],"tags":[],"class_list":["post-16573","post","type-post","status-publish","format-standard","has-post-thumbnail","hentry","category-noticias"],"_links":{"self":[{"href":"https:\/\/hostnetart.com.br\/baixada\/wp-json\/wp\/v2\/posts\/16573","targetHints":{"allow":["GET"]}}],"collection":[{"href":"https:\/\/hostnetart.com.br\/baixada\/wp-json\/wp\/v2\/posts"}],"about":[{"href":"https:\/\/hostnetart.com.br\/baixada\/wp-json\/wp\/v2\/types\/post"}],"author":[{"embeddable":true,"href":"https:\/\/hostnetart.com.br\/baixada\/wp-json\/wp\/v2\/users\/2"}],"replies":[{"embeddable":true,"href":"https:\/\/hostnetart.com.br\/baixada\/wp-json\/wp\/v2\/comments?post=16573"}],"version-history":[{"count":0,"href":"https:\/\/hostnetart.com.br\/baixada\/wp-json\/wp\/v2\/posts\/16573\/revisions"}],"wp:featuredmedia":[{"embeddable":true,"href":"https:\/\/hostnetart.com.br\/baixada\/wp-json\/wp\/v2\/media\/16572"}],"wp:attachment":[{"href":"https:\/\/hostnetart.com.br\/baixada\/wp-json\/wp\/v2\/media?parent=16573"}],"wp:term":[{"taxonomy":"category","embeddable":true,"href":"https:\/\/hostnetart.com.br\/baixada\/wp-json\/wp\/v2\/categories?post=16573"},{"taxonomy":"post_tag","embeddable":true,"href":"https:\/\/hostnetart.com.br\/baixada\/wp-json\/wp\/v2\/tags?post=16573"}],"curies":[{"name":"wp","href":"https:\/\/api.w.org\/{rel}","templated":true}]}}