{"id":16561,"date":"2025-07-15T14:38:25","date_gmt":"2025-07-15T17:38:25","guid":{"rendered":"https:\/\/hostnetart.com.br\/baixada\/prorrogacao-confirmada-ainda-da-tempo-de-se-inscrever-no-2-festival-nacional-de-musica-autoral-da-contraf-cut\/"},"modified":"2025-07-15T14:38:25","modified_gmt":"2025-07-15T17:38:25","slug":"prorrogacao-confirmada-ainda-da-tempo-de-se-inscrever-no-2-festival-nacional-de-musica-autoral-da-contraf-cut","status":"publish","type":"post","link":"https:\/\/hostnetart.com.br\/baixada\/prorrogacao-confirmada-ainda-da-tempo-de-se-inscrever-no-2-festival-nacional-de-musica-autoral-da-contraf-cut\/","title":{"rendered":"Prorroga\u00e7\u00e3o confirmada! Ainda d\u00e1 tempo de se inscrever no 2\u00ba Festival Nacional de M\u00fasica Autoral da Contraf-CUT"},"content":{"rendered":"<p>A Confedera\u00e7\u00e3o Nacional dos Trabalhadores do Ramo Financeiro (Contraf-CUT) prorrogou por mais 10 dias o prazo de inscri\u00e7\u00f5es para o 2\u00ba Festival Nacional de M\u00fasica Autoral. Agora, banc\u00e1rias e banc\u00e1rios t\u00eam at\u00e9 27 de julho, \u00e0s 23h59, para inscrever suas m\u00fasicas autorais e concorrer a R$ 18 mil em pr\u00eamios.<\/p>\n<p>A decis\u00e3o atende a crit\u00e9rios legais de amplia\u00e7\u00e3o de acesso e democratiza\u00e7\u00e3o da participa\u00e7\u00e3o, garantindo que mais trabalhadoras e trabalhadores de bancos p\u00fablicos, privados, cooperativas de cr\u00e9dito, fintechs e demais institui\u00e7\u00f5es financeiras tenham tempo para finalizar suas produ\u00e7\u00f5es, gravar seus v\u00eddeos e concluir a inscri\u00e7\u00e3o corretamente.<\/p>\n<p>\u201cNosso objetivo \u00e9 fortalecer a presen\u00e7a da arte no mundo do trabalho e ampliar as vozes que ecoam das ag\u00eancias, escrit\u00f3rios e centros administrativos. Prorrogar o prazo \u00e9 tamb\u00e9m garantir que mais talentos possam se expressar\u201d, afirma Carlos Damarindo, Secret\u00e1rio de Cultura da Contraf-CUT.<\/p>\n<h2><strong>O que muda?<\/strong><\/h2>\n<p>A \u00fanica altera\u00e7\u00e3o \u00e9 o prazo de inscri\u00e7\u00f5es \u2014 que agora se estende at\u00e9 o dia 27 de julho. Todo o restante da agenda do festival permanece inalterado, incluindo:<\/p>\n<p>Grande final: 06 de agosto, com transmiss\u00e3o ao vivo no canal da TV Contraf no YouTube, com apresenta\u00e7\u00e3o dos v\u00eddeos finalistas e coment\u00e1rios da comiss\u00e3o julgadora formada por Giselle Tigre, Roque Estrela e Lupita Romero.<\/p>\n<h2><strong>Relembre como participar<\/strong><\/h2>\n<ul>\n<li><strong>O festival \u00e9 aberto a trabalhadores do ramo financeiro sindicalizados \u00e0 base da Contraf-CUT.<\/strong><\/li>\n<li><strong>Cada participante pode inscrever uma m\u00fasica autoral com v\u00eddeo j\u00e1 publicado no YouTube.<\/strong><\/li>\n<li><strong>A inscri\u00e7\u00e3o \u00e9 feita por meio de formul\u00e1rio online:<a href=\"https:\/\/forms.office.com\/pages\/responsepage.aspx?id=EQuEOcJ8W0a-87ncA7kIVrNKjkrgU8NAlOO3Y8P9N8xUQzZOMFRCVDBYT1lSVElZQkxWUlZMQ0hOUi4u&amp;route=shorturl\" target=\"_blank\" rel=\"noopener noreferrer\">\u00a0clique aqui<\/a>.<\/strong><\/li>\n<li><strong>Confira tamb\u00e9m o regulamento completo:\u00a0<a href=\"https:\/\/contrafcut.com.br\/data\/files\/64\/E5\/DC\/ED\/FB0679102B86EF69820808A8\/Regulamento%20-%202%20Festival%20Nacional%20de%20Musica%20Autoral%20CONTRAF%20CUT%202025%20revisado.pdf\" target=\"_blank\" rel=\"noopener noreferrer\">clique aqui.<\/a><\/strong><\/li>\n<li><strong>Premia\u00e7\u00e3o total de R$ 18.000,00.<\/strong><\/li>\n<\/ul>\n<p>O festival vai distribuir R$ 18 mil em premia\u00e7\u00f5es, divididas em duas fases que buscam reconhecer tanto a produ\u00e7\u00e3o local quanto os destaques nacionais, incentivando a participa\u00e7\u00e3o em todas as regi\u00f5es do pa\u00eds.<\/p>\n<p>1\u00aa Fase \u2013 Premia\u00e7\u00e3o Regional<br \/>Com o objetivo de fortalecer a presen\u00e7a das entidades sindicais filiadas \u00e0 Contraf-CUT em todas as bases, at\u00e9 15 participantes ser\u00e3o premiados com R$ 500 cada.<\/p>\n<p>2\u00aa Fase \u2013 Premia\u00e7\u00e3o Nacional<br \/>Ap\u00f3s a vota\u00e7\u00e3o popular e avalia\u00e7\u00e3o da comiss\u00e3o julgadora, cinco composi\u00e7\u00f5es ser\u00e3o premiadas na etapa nacional, conforme a seguinte distribui\u00e7\u00e3o:<br \/>1\u00ba lugar: R$ 5.000,00<br \/>2\u00ba lugar: R$ 3.000,00<br \/>3\u00ba lugar: R$ 2.000,00<br \/>4\u00ba lugar: R$ 500,00<br \/>5\u00ba lugar: R$ 500,00<\/p>\n<p>N\u00e3o deixe sua arte para depois!<\/p>\n<p>Essa \u00e9 a oportunidade de mostrar que banc\u00e1rias e banc\u00e1rios tamb\u00e9m fazem cultura \u2014 e merecem palco, visibilidade e reconhecimento.<\/p>\n<p>O 2\u00ba Festival Nacional de M\u00fasica Autoral da Contraf-CUT conta com o patroc\u00ednio da FENAE \u2013 Federa\u00e7\u00e3o Nacional das Associa\u00e7\u00f5es do Pessoal da Caixa Econ\u00f4mica Federal.<\/p>\n<p><strong>Fonte: Contraf-CUT<\/strong><\/p>\n","protected":false},"excerpt":{"rendered":"<p>A Confedera\u00e7\u00e3o Nacional dos Trabalhadores do Ramo Financeiro (Contraf-CUT) prorrogou por mais 10 dias o prazo de inscri\u00e7\u00f5es para o 2\u00ba Festival Nacional de M\u00fasica Autoral. Agora, banc\u00e1rias e banc\u00e1rios t\u00eam at\u00e9 27 de julho, \u00e0s 23h59, para inscrever suas m\u00fasicas autorais e concorrer a R$ 18 mil em pr\u00eamios. A decis\u00e3o atende a crit\u00e9rios [&hellip;]<\/p>\n","protected":false},"author":2,"featured_media":16560,"comment_status":"","ping_status":"","sticky":false,"template":"","format":"standard","meta":{"footnotes":""},"categories":[3],"tags":[],"class_list":["post-16561","post","type-post","status-publish","format-standard","has-post-thumbnail","hentry","category-noticias"],"_links":{"self":[{"href":"https:\/\/hostnetart.com.br\/baixada\/wp-json\/wp\/v2\/posts\/16561","targetHints":{"allow":["GET"]}}],"collection":[{"href":"https:\/\/hostnetart.com.br\/baixada\/wp-json\/wp\/v2\/posts"}],"about":[{"href":"https:\/\/hostnetart.com.br\/baixada\/wp-json\/wp\/v2\/types\/post"}],"author":[{"embeddable":true,"href":"https:\/\/hostnetart.com.br\/baixada\/wp-json\/wp\/v2\/users\/2"}],"replies":[{"embeddable":true,"href":"https:\/\/hostnetart.com.br\/baixada\/wp-json\/wp\/v2\/comments?post=16561"}],"version-history":[{"count":0,"href":"https:\/\/hostnetart.com.br\/baixada\/wp-json\/wp\/v2\/posts\/16561\/revisions"}],"wp:featuredmedia":[{"embeddable":true,"href":"https:\/\/hostnetart.com.br\/baixada\/wp-json\/wp\/v2\/media\/16560"}],"wp:attachment":[{"href":"https:\/\/hostnetart.com.br\/baixada\/wp-json\/wp\/v2\/media?parent=16561"}],"wp:term":[{"taxonomy":"category","embeddable":true,"href":"https:\/\/hostnetart.com.br\/baixada\/wp-json\/wp\/v2\/categories?post=16561"},{"taxonomy":"post_tag","embeddable":true,"href":"https:\/\/hostnetart.com.br\/baixada\/wp-json\/wp\/v2\/tags?post=16561"}],"curies":[{"name":"wp","href":"https:\/\/api.w.org\/{rel}","templated":true}]}}