{"id":16547,"date":"2025-07-11T05:01:45","date_gmt":"2025-07-11T08:01:45","guid":{"rendered":"https:\/\/hostnetart.com.br\/baixada\/sindicato-dos-bancarios-da-baixada-fluminense-presente-em-ato-contra-medidas-anti-trabalhadores\/"},"modified":"2025-07-11T05:01:45","modified_gmt":"2025-07-11T08:01:45","slug":"sindicato-dos-bancarios-da-baixada-fluminense-presente-em-ato-contra-medidas-anti-trabalhadores","status":"publish","type":"post","link":"https:\/\/hostnetart.com.br\/baixada\/sindicato-dos-bancarios-da-baixada-fluminense-presente-em-ato-contra-medidas-anti-trabalhadores\/","title":{"rendered":"Sindicato dos Banc\u00e1rios da Baixada Fluminense presente em ato contra medidas anti-trabalhadores"},"content":{"rendered":"<p>Nesta quinta-feira, 10 de julho, a Coordenadora Geral do Sindicato dos Banc\u00e1rios da Baixada Fluminense, Renata Soeiro, e a Diretora Elizabeth Paradela, representaram a categoria banc\u00e1ria da regi\u00e3o, no ato de protesto contra as seguidas medidas antipopulares que est\u00e3o sendo aprovadas, ou em tramita\u00e7\u00e3o, no Congresso Nacional.<\/p>\n<p>Os atos tamb\u00e9m aconteceram nas principais cidades do pa\u00eds e foram convocados pelas Centrais Sindicais e Movimentos Populares.<\/p>\n<p>\u201c\u00c9 nosso dever lutar pela redu\u00e7\u00e3o da jornada de trabalho, principalmente, para as mulheres, que n\u00e3o veem seus filhos crescerem, trabalhando na escala de 6\u00d71. Estamos nas ruas por isso, tamb\u00e9m\u201d, comentou a Coordenadora Renata.<\/p>\n<p><strong>PRINCIPAIS EIXOS<\/strong><\/p>\n<p>\u25b6\ufe0f taxar os super-ricos e garantir direitos para o povo<\/p>\n<p>\u25b6\ufe0f fim da escala 6\u00d71<\/p>\n<p>\u25b6\ufe0f isen\u00e7\u00e3o de Imposto de Renda para quem ganha at\u00e9 5 mil reais<\/p>\n<p><strong>IOF<\/strong><\/p>\n<p>Ap\u00f3s a vergonhosa vota\u00e7\u00e3o do IOF (Imposto sobre Opera\u00e7\u00f5es Financeiras) e o boicote de setores do Congresso Nacional em pautar medidas que beneficiem o trabalhador, como a tributa\u00e7\u00e3o dos super ricos, a isen\u00e7\u00e3o a quem ganha at\u00e9 5 mil reais e o fim da escala 6\u00d71, o ato foi convocado e atendido por diversos setores da sociedade.<\/p>\n<p><b>TARIFA\u00c7O DO TRUMP<\/b><\/p>\n<p>Os manifestantes tamb\u00e9m foram pras ruas protestar contra o aumento das tarifas de importa\u00e7\u00e3o determinado pelo presidente dos Estados Unidos, Donald Trump.<\/p>\n<p><b>SEU DEPUTADO EST\u00c1 DE QUE LADO?<\/b><\/p>\n<div id=\"chunk-6gfpl\">\n<p>Uma pesquisa\u00a0mostrou que <strong>mais da metade dos deputados federais s\u00e3o contra o projeto que limita os supersal\u00e1rios no funcionalismo p\u00fablico<\/strong>. O levantamento questionou como os deputados avaliam pautas em debate no Congresso e a proposta est\u00e1 entre os temas mais rejeitados.<\/p>\n<\/div>\n<div id=\"chunk-1577t\">\n<p>Os que s\u00e3o \u00e0 favor representam 32%, 15%, n\u00e3o souberam ou n\u00e3o responderam.<\/p>\n<\/div>\n<div id=\"chunk-3chlg\">\n<p><strong>Veja os n\u00fameros:<\/strong><\/p>\n<\/div>\n<div id=\"chunk-ff56u\">\n<ul class=\"content-unordered-list\">\n<li><strong>Contra:<\/strong> 53%;<\/li>\n<li><strong>A favor: <\/strong>32%;<\/li>\n<li><strong>N\u00e3o sabem\/n\u00e3o responderam:<\/strong> 15%<\/li>\n<\/ul>\n<p><span class=\"highlight\">O limite dos sal\u00e1rios do funcionarismo p\u00fablico deveria ser de R$ 46.366, mas na pr\u00e1tica vencimentos superam os 5 d\u00edgitos.<\/span> A proposta do governo Lula limita o pagamento acima deste valor.<\/p>\n<\/div>\n<div id=\"chunk-3v6eq\">\n<p>Nos tribunais de justi\u00e7a \u00e9 comum que as indeniza\u00e7\u00f5es, gratifica\u00e7\u00f5es, vantagens pessoais e eventuais somadas aos sal\u00e1rios dos magistrados elevem os vencimentos <strong>a mais de R$ 100 mil em alguns meses do ano<\/strong>.<\/p>\n<p>E a\u00ed? Seu Deputado est\u00e1 de qual lado?\u00a0<\/p>\n<\/div>\n<p>*<i>com informa\u00e7\u00f5es da Fetraf RJ\/ES<\/i><\/p>\n<p><img \/><\/p>\n<p><img \/><\/p>\n<p>\u00a0<\/p>\n","protected":false},"excerpt":{"rendered":"<p>Nesta quinta-feira, 10 de julho, a Coordenadora Geral do Sindicato dos Banc\u00e1rios da Baixada Fluminense, Renata Soeiro, e a Diretora Elizabeth Paradela, representaram a categoria banc\u00e1ria da regi\u00e3o, no ato de protesto contra as seguidas medidas antipopulares que est\u00e3o sendo aprovadas, ou em tramita\u00e7\u00e3o, no Congresso Nacional. Os atos tamb\u00e9m aconteceram nas principais cidades do [&hellip;]<\/p>\n","protected":false},"author":2,"featured_media":16546,"comment_status":"","ping_status":"","sticky":false,"template":"","format":"standard","meta":{"footnotes":""},"categories":[3],"tags":[],"class_list":["post-16547","post","type-post","status-publish","format-standard","has-post-thumbnail","hentry","category-noticias"],"_links":{"self":[{"href":"https:\/\/hostnetart.com.br\/baixada\/wp-json\/wp\/v2\/posts\/16547","targetHints":{"allow":["GET"]}}],"collection":[{"href":"https:\/\/hostnetart.com.br\/baixada\/wp-json\/wp\/v2\/posts"}],"about":[{"href":"https:\/\/hostnetart.com.br\/baixada\/wp-json\/wp\/v2\/types\/post"}],"author":[{"embeddable":true,"href":"https:\/\/hostnetart.com.br\/baixada\/wp-json\/wp\/v2\/users\/2"}],"replies":[{"embeddable":true,"href":"https:\/\/hostnetart.com.br\/baixada\/wp-json\/wp\/v2\/comments?post=16547"}],"version-history":[{"count":0,"href":"https:\/\/hostnetart.com.br\/baixada\/wp-json\/wp\/v2\/posts\/16547\/revisions"}],"wp:featuredmedia":[{"embeddable":true,"href":"https:\/\/hostnetart.com.br\/baixada\/wp-json\/wp\/v2\/media\/16546"}],"wp:attachment":[{"href":"https:\/\/hostnetart.com.br\/baixada\/wp-json\/wp\/v2\/media?parent=16547"}],"wp:term":[{"taxonomy":"category","embeddable":true,"href":"https:\/\/hostnetart.com.br\/baixada\/wp-json\/wp\/v2\/categories?post=16547"},{"taxonomy":"post_tag","embeddable":true,"href":"https:\/\/hostnetart.com.br\/baixada\/wp-json\/wp\/v2\/tags?post=16547"}],"curies":[{"name":"wp","href":"https:\/\/api.w.org\/{rel}","templated":true}]}}