{"id":16539,"date":"2025-07-07T15:56:16","date_gmt":"2025-07-07T18:56:16","guid":{"rendered":"https:\/\/hostnetart.com.br\/baixada\/negociacoes-sobre-act-do-saude-caixa-comecam-ainda-neste-mes\/"},"modified":"2025-07-07T15:56:16","modified_gmt":"2025-07-07T18:56:16","slug":"negociacoes-sobre-act-do-saude-caixa-comecam-ainda-neste-mes","status":"publish","type":"post","link":"https:\/\/hostnetart.com.br\/baixada\/negociacoes-sobre-act-do-saude-caixa-comecam-ainda-neste-mes\/","title":{"rendered":"Negocia\u00e7\u00f5es sobre ACT do Sa\u00fade Caixa come\u00e7am ainda neste m\u00eas"},"content":{"rendered":"<\/p>\n<p>Al\u00e9m de falar sobre quest\u00f5es do momento, que est\u00e3o esquentando a cabe\u00e7a das empregadas e empregados da Caixa em todo o pa\u00eds, a reuni\u00e3o de negocia\u00e7\u00e3o entre a representa\u00e7\u00e3o dos trabalhadores e do banco, ocorrida na quinta-feira (3), trouxe uma defini\u00e7\u00e3o superimportante para todo o pessoal da Caixa: as negocia\u00e7\u00f5es para a renova\u00e7\u00e3o do Acordo Coletivo de Trabalho (ACT), espec\u00edfico do Sa\u00fade Caixa come\u00e7ar\u00e3o ainda neste m\u00eas.<\/p>\n<p>Ap\u00f3s insistentes cobran\u00e7as da representa\u00e7\u00e3o dos empregados, ficou acertado que a primeira reuni\u00e3o acontecer\u00e1 na terceira semana de julho. A data somente n\u00e3o foi definida devido a acertos necess\u00e1rios na agenda.<\/p>\n<p>\u201cEste talvez seja o principal tema a ser tratado neste ano\u201d, avalia a diretora da Contraf-CUT, Eliana Brasil, que coordenou a representa\u00e7\u00e3o das empregadas e empregados na negocia\u00e7\u00e3o desta quinta-feira.<\/p>\n<p>\u201cO Sa\u00fade Caixa \u00e9 uma das maiores conquistas que n\u00f3s, empregadas e empregados da Caixa, obtivemos em toda a hist\u00f3ria. Nosso plano de sa\u00fade tem muitas coberturas que outros planos n\u00e3o t\u00eam. E ainda somos permitidos participar, mesmo que parcialmente, da gest\u00e3o do plano. E isso \u00e9 muito bom, pois podemos ajudar a controlar os gastos e os reajustes das mensalidades\u201d, completou a dirigente da Contraf-CUT.<\/p>\n<h2><strong>Reajuste Zero!<\/strong><\/h2>\n<p>E, por falar em controle dos reajustes das mensalidades&#8230; As empregadas e empregados est\u00e3o em campanha contra qualquer reajuste nos valores cobrados dos usu\u00e1rios do plano de sa\u00fade.<\/p>\n<p>\u201cN\u00e3o suportamos mais reajustes! Os valores pagos m\u00eas a m\u00eas j\u00e1 consomem boa parte dos nossos rendimentos. N\u00e3o d\u00e1 para pagar mais\u201d, disse o coordenador da Comiss\u00e3o Executiva dos Empregados (CEE) da Caixa, Felipe Pacheco, ao explicar que a infla\u00e7\u00e3o dos custos m\u00e9dicos \u00e9 maior do que os reajustes salariais dos empregados e que o custeio pela Caixa j\u00e1 chegou ao limite de gastos que o pr\u00f3prio banco definiu para ter com a sa\u00fade do seu quadro de pessoal (fixado no Estatuto Social do banco em 6,5% da folha de pagamentos).<\/p>\n<p>\u201cPor isso, reivindicamos o fim do teto de gastos da Caixa com a Sa\u00fade dos empregados e empregadas. Se este teto n\u00e3o cair, os usu\u00e1rios do plano ter\u00e3o que arcar com os aumentos impostos pela infla\u00e7\u00e3o m\u00e9dica. Como eles n\u00e3o t\u00eam mais condi\u00e7\u00f5es de absorver estes custos, h\u00e1 o risco de haver uma grande debandada\u201d, explicou. \u201cN\u00e3o \u00e9 isso o que a gente quer. A gente defende que quem sempre ajudou o banco a ter bons resultados e ser respeitado, \u2018quem sempre cuidou do Brasil, merece ser cuidado\u2019\u201d, disse. \u201cPor isso, defendemos e vamos lutar pela extin\u00e7\u00e3o do teto de gastos da Caixa com a sa\u00fade de seus empregados\u201d, concluiu.<\/p>\n<p><b>Fonte: Contraf-CUT<\/b><\/p>\n","protected":false},"excerpt":{"rendered":"<p>Al\u00e9m de falar sobre quest\u00f5es do momento, que est\u00e3o esquentando a cabe\u00e7a das empregadas e empregados da Caixa em todo o pa\u00eds, a reuni\u00e3o de negocia\u00e7\u00e3o entre a representa\u00e7\u00e3o dos trabalhadores e do banco, ocorrida na quinta-feira (3), trouxe uma defini\u00e7\u00e3o superimportante para todo o pessoal da Caixa: as negocia\u00e7\u00f5es para a renova\u00e7\u00e3o do Acordo [&hellip;]<\/p>\n","protected":false},"author":2,"featured_media":16538,"comment_status":"","ping_status":"","sticky":false,"template":"","format":"standard","meta":{"footnotes":""},"categories":[3],"tags":[],"class_list":["post-16539","post","type-post","status-publish","format-standard","has-post-thumbnail","hentry","category-noticias"],"_links":{"self":[{"href":"https:\/\/hostnetart.com.br\/baixada\/wp-json\/wp\/v2\/posts\/16539","targetHints":{"allow":["GET"]}}],"collection":[{"href":"https:\/\/hostnetart.com.br\/baixada\/wp-json\/wp\/v2\/posts"}],"about":[{"href":"https:\/\/hostnetart.com.br\/baixada\/wp-json\/wp\/v2\/types\/post"}],"author":[{"embeddable":true,"href":"https:\/\/hostnetart.com.br\/baixada\/wp-json\/wp\/v2\/users\/2"}],"replies":[{"embeddable":true,"href":"https:\/\/hostnetart.com.br\/baixada\/wp-json\/wp\/v2\/comments?post=16539"}],"version-history":[{"count":0,"href":"https:\/\/hostnetart.com.br\/baixada\/wp-json\/wp\/v2\/posts\/16539\/revisions"}],"wp:featuredmedia":[{"embeddable":true,"href":"https:\/\/hostnetart.com.br\/baixada\/wp-json\/wp\/v2\/media\/16538"}],"wp:attachment":[{"href":"https:\/\/hostnetart.com.br\/baixada\/wp-json\/wp\/v2\/media?parent=16539"}],"wp:term":[{"taxonomy":"category","embeddable":true,"href":"https:\/\/hostnetart.com.br\/baixada\/wp-json\/wp\/v2\/categories?post=16539"},{"taxonomy":"post_tag","embeddable":true,"href":"https:\/\/hostnetart.com.br\/baixada\/wp-json\/wp\/v2\/tags?post=16539"}],"curies":[{"name":"wp","href":"https:\/\/api.w.org\/{rel}","templated":true}]}}