{"id":16537,"date":"2025-07-04T12:27:05","date_gmt":"2025-07-04T15:27:05","guid":{"rendered":"https:\/\/hostnetart.com.br\/baixada\/supercaixa-problemas-no-vpn-e-saude-caixa-sao-pauta-em-reuniao-com-a-caixa\/"},"modified":"2025-07-04T12:27:05","modified_gmt":"2025-07-04T15:27:05","slug":"supercaixa-problemas-no-vpn-e-saude-caixa-sao-pauta-em-reuniao-com-a-caixa","status":"publish","type":"post","link":"https:\/\/hostnetart.com.br\/baixada\/supercaixa-problemas-no-vpn-e-saude-caixa-sao-pauta-em-reuniao-com-a-caixa\/","title":{"rendered":"SuperCaixa, problemas no VPN e Sa\u00fade Caixa s\u00e3o pauta em reuni\u00e3o com a Caixa"},"content":{"rendered":"<p>\u00a0<\/p>\n<p>O novo programa SuperCaixa, que acabou de ser anunciado pelo banco aos empregados, est\u00e1 dando o que falar nas unidades da Caixa em todo o pa\u00eds. E a Comiss\u00e3o Executiva dos Empregados (CEE) j\u00e1 questionou o banco sobre esse novo programa que deve fundir o TDV e o B\u00f4nus Caixa, durante a reuni\u00e3o realizada nesta quinta-feira (3).<\/p>\n<p>\u201cAs empregadas e os empregados, tanto gestores, quanto subordinados, n\u00e3o podem ser prejudicados pelas mudan\u00e7as que a Caixa est\u00e1 colocando em pr\u00e1tica\u201d, disse a diretor da Contraf-CUT, Rafael de Castro. \u201cO novo regulamento apresenta impactos significativos sobre a remunera\u00e7\u00e3o e na quantidade de benefici\u00e1rios. \u00c9 um assunto urgente. Precisamos saber se a Caixa valoriza os esfor\u00e7os de seus empregados, ou se a conten\u00e7\u00e3o de despesas est\u00e1 em primeiro lugar\u201d, completou.<\/p>\n<p>O banco vai agendar uma reuni\u00e3o, o mais breve poss\u00edvel, para tratar do assunto, mas adiantou que a inten\u00e7\u00e3o \u00e9 incluir o pessoal t\u00e9cnico das unidades na distribui\u00e7\u00e3o dos resultados. Ou seja, aumentar o p\u00fablico.<\/p>\n<h2><strong>Acesso remoto<\/strong><\/h2>\n<p>A representa\u00e7\u00e3o sindical dos trabalhadores tamb\u00e9m pediu informa\u00e7\u00f5es sobre os problemas para o acesso VDI\/VPN, que impede o trabalho remoto. \u201cO banco n\u00e3o tem estrutura para que todos trabalhem nas unidades f\u00edsicas. Quem n\u00e3o conseguir trabalhar tem que ter o dia abonado\u201d, ressaltou a diretora da Contraf-CUT, Eliana Brasil.<\/p>\n<h2><strong>Sa\u00fade Caixa<\/strong><\/h2>\n<p>A representa\u00e7\u00e3o dos empregados cobrou o in\u00edcio das negocia\u00e7\u00f5es sobre o Sa\u00fade Caixa. Ficou acertado que a primeira reuni\u00e3o ser\u00e1 realizada na terceira semana de julho, com data a ser definida ap\u00f3s acerto da agenda.<\/p>\n<h2><strong>Outros temas<\/strong><\/h2>\n<p>Tamb\u00e9m foram tratados sobre o CaixaVerso, o calend\u00e1rio do Sa\u00fade Caixa, reestrutura\u00e7\u00e3o, a campanha de vacina\u00e7\u00e3o, a jornada de pais e m\u00e3es de PCDs e a cria\u00e7\u00e3o do GT Banc\u00e1rios do Futuro.<\/p>\n<p><strong>Fonte: Contraf-CUT<\/strong><\/p>\n","protected":false},"excerpt":{"rendered":"<p>\u00a0 O novo programa SuperCaixa, que acabou de ser anunciado pelo banco aos empregados, est\u00e1 dando o que falar nas unidades da Caixa em todo o pa\u00eds. E a Comiss\u00e3o Executiva dos Empregados (CEE) j\u00e1 questionou o banco sobre esse novo programa que deve fundir o TDV e o B\u00f4nus Caixa, durante a reuni\u00e3o realizada [&hellip;]<\/p>\n","protected":false},"author":2,"featured_media":16536,"comment_status":"","ping_status":"","sticky":false,"template":"","format":"standard","meta":{"footnotes":""},"categories":[3],"tags":[],"class_list":["post-16537","post","type-post","status-publish","format-standard","has-post-thumbnail","hentry","category-noticias"],"_links":{"self":[{"href":"https:\/\/hostnetart.com.br\/baixada\/wp-json\/wp\/v2\/posts\/16537","targetHints":{"allow":["GET"]}}],"collection":[{"href":"https:\/\/hostnetart.com.br\/baixada\/wp-json\/wp\/v2\/posts"}],"about":[{"href":"https:\/\/hostnetart.com.br\/baixada\/wp-json\/wp\/v2\/types\/post"}],"author":[{"embeddable":true,"href":"https:\/\/hostnetart.com.br\/baixada\/wp-json\/wp\/v2\/users\/2"}],"replies":[{"embeddable":true,"href":"https:\/\/hostnetart.com.br\/baixada\/wp-json\/wp\/v2\/comments?post=16537"}],"version-history":[{"count":0,"href":"https:\/\/hostnetart.com.br\/baixada\/wp-json\/wp\/v2\/posts\/16537\/revisions"}],"wp:featuredmedia":[{"embeddable":true,"href":"https:\/\/hostnetart.com.br\/baixada\/wp-json\/wp\/v2\/media\/16536"}],"wp:attachment":[{"href":"https:\/\/hostnetart.com.br\/baixada\/wp-json\/wp\/v2\/media?parent=16537"}],"wp:term":[{"taxonomy":"category","embeddable":true,"href":"https:\/\/hostnetart.com.br\/baixada\/wp-json\/wp\/v2\/categories?post=16537"},{"taxonomy":"post_tag","embeddable":true,"href":"https:\/\/hostnetart.com.br\/baixada\/wp-json\/wp\/v2\/tags?post=16537"}],"curies":[{"name":"wp","href":"https:\/\/api.w.org\/{rel}","templated":true}]}}