{"id":16533,"date":"2025-07-02T03:15:17","date_gmt":"2025-07-02T06:15:17","guid":{"rendered":"https:\/\/hostnetart.com.br\/baixada\/sindicato-dos-bancarios-da-baixada-fluminense-reintegra-mais-uma-funcionaria-do-itau-4\/"},"modified":"2025-07-02T03:15:17","modified_gmt":"2025-07-02T06:15:17","slug":"sindicato-dos-bancarios-da-baixada-fluminense-reintegra-mais-uma-funcionaria-do-itau-4","status":"publish","type":"post","link":"https:\/\/hostnetart.com.br\/baixada\/sindicato-dos-bancarios-da-baixada-fluminense-reintegra-mais-uma-funcionaria-do-itau-4\/","title":{"rendered":"Sindicato dos Banc\u00e1rios da Baixada Fluminense reintegra mais uma funcion\u00e1ria do Ita\u00fa"},"content":{"rendered":"<p>Nesta ter\u00e7a-feira, 1 de julho, mais uma funcion\u00e1ria do Ita\u00fa Unibanco foi reintegrada pelo Sindicato dos Banc\u00e1rios da Baixada Fluminense.<\/p>\n<p>ENTENDA<\/p>\n<p>Cl\u00e1udia Sebastiana havia sido demitida em julho de 2023, e entrou com pedido de reintegra\u00e7\u00e3o por doen\u00e7a ocupacional. Mesmo tendo a doen\u00e7a comprovada pelo INSS, a a\u00e7\u00e3o foi julgada improcedente. <\/p>\n<p>Ap\u00f3s recurso, o Tribunal Regional do Trabalho reformou a senten\u00e7a e determinou a nulidade da dispensa e imediata reintegra\u00e7\u00e3o da banc\u00e1ria, bem como o pagamento de sal\u00e1rios entre a data da dispensa at\u00e9 a efetiva reintegra\u00e7\u00e3o, incluindo f\u00e9rias acrescidas de 1\/3, 13\u00ba sal\u00e1rio e dep\u00f3sito de FGTS.<\/p>\n<p>Al\u00e9m disso, a banc\u00e1ria teve seu plano de sa\u00fade e todos os seus direitos mantidos e garantidos.<\/p>\n<p>Cl\u00e1udia \u00e9 sindicalizada e teve, desde o in\u00edcio de todo este processo, suporte e atendimento do Departamento Jur\u00eddico do Sindicato, atrav\u00e9s do advogado Luiz Paulo, do Escrit\u00f3rio Baptista &amp; Reis Advogados Associados, e pelo Departamento de Sa\u00fade.<\/p>\n<p>A reintegra\u00e7\u00e3o foi acompanhada pelos Diretores Pedro Batista, Leandro Aresta e Elizabeth Paradela.<\/p>\n<p><strong>IMPORTANTE<\/strong><\/p>\n<p>\u00c9 fundamental que banc\u00e1rias e banc\u00e1rios, logo que sejam informados de suas demiss\u00f5es, procurem imediatamente atendimento no Sindicato.<\/p>\n<p><b>ATENDIMENTO JUR\u00cdDICO PRESENCIAL<\/b><\/p>\n<p>Nova Igua\u00e7u\u00a0&#8211; \u00e0s\u00a0<em><strong>ter\u00e7as-feiras<\/strong><\/em>, das 11 horas\u00a0<span dir=\"ltr\">\u00e0 13 horas\u00a0<\/span>e das 14 horas \u00e0s 17 horas (telefone:\u00a0<span dir=\"ltr\"><a href=\"tel:21 \/ 2658-8041\">21 \/ 2658-8041<\/a><\/span>)<\/p>\n<p>Duque de Caxias\u00a0&#8211; \u00e0s\u00a0<strong><em>quintas-feiras<\/em><\/strong>, das 10 horas \u00e0s 13 horas (telefone:\u00a0<span dir=\"ltr\"><a href=\"tel:21 \/ 26710-110\">21 \/ 26710-110<\/a><\/span>)<\/p>\n<p><b>SINDICALIZE-SE!<\/b><\/p>\n","protected":false},"excerpt":{"rendered":"<p>Nesta ter\u00e7a-feira, 1 de julho, mais uma funcion\u00e1ria do Ita\u00fa Unibanco foi reintegrada pelo Sindicato dos Banc\u00e1rios da Baixada Fluminense. ENTENDA Cl\u00e1udia Sebastiana havia sido demitida em julho de 2023, e entrou com pedido de reintegra\u00e7\u00e3o por doen\u00e7a ocupacional. Mesmo tendo a doen\u00e7a comprovada pelo INSS, a a\u00e7\u00e3o foi julgada improcedente. Ap\u00f3s recurso, o Tribunal [&hellip;]<\/p>\n","protected":false},"author":2,"featured_media":16532,"comment_status":"","ping_status":"","sticky":false,"template":"","format":"standard","meta":{"footnotes":""},"categories":[3],"tags":[],"class_list":["post-16533","post","type-post","status-publish","format-standard","has-post-thumbnail","hentry","category-noticias"],"_links":{"self":[{"href":"https:\/\/hostnetart.com.br\/baixada\/wp-json\/wp\/v2\/posts\/16533","targetHints":{"allow":["GET"]}}],"collection":[{"href":"https:\/\/hostnetart.com.br\/baixada\/wp-json\/wp\/v2\/posts"}],"about":[{"href":"https:\/\/hostnetart.com.br\/baixada\/wp-json\/wp\/v2\/types\/post"}],"author":[{"embeddable":true,"href":"https:\/\/hostnetart.com.br\/baixada\/wp-json\/wp\/v2\/users\/2"}],"replies":[{"embeddable":true,"href":"https:\/\/hostnetart.com.br\/baixada\/wp-json\/wp\/v2\/comments?post=16533"}],"version-history":[{"count":0,"href":"https:\/\/hostnetart.com.br\/baixada\/wp-json\/wp\/v2\/posts\/16533\/revisions"}],"wp:featuredmedia":[{"embeddable":true,"href":"https:\/\/hostnetart.com.br\/baixada\/wp-json\/wp\/v2\/media\/16532"}],"wp:attachment":[{"href":"https:\/\/hostnetart.com.br\/baixada\/wp-json\/wp\/v2\/media?parent=16533"}],"wp:term":[{"taxonomy":"category","embeddable":true,"href":"https:\/\/hostnetart.com.br\/baixada\/wp-json\/wp\/v2\/categories?post=16533"},{"taxonomy":"post_tag","embeddable":true,"href":"https:\/\/hostnetart.com.br\/baixada\/wp-json\/wp\/v2\/tags?post=16533"}],"curies":[{"name":"wp","href":"https:\/\/api.w.org\/{rel}","templated":true}]}}