{"id":16523,"date":"2025-06-27T17:03:46","date_gmt":"2025-06-27T20:03:46","guid":{"rendered":"https:\/\/hostnetart.com.br\/baixada\/27-conferencia-interestadual-da-fetraf-rj-es-ocorre-no-dia-2-de-agosto-em-itaperuna-rj\/"},"modified":"2025-06-27T17:03:46","modified_gmt":"2025-06-27T20:03:46","slug":"27-conferencia-interestadual-da-fetraf-rj-es-ocorre-no-dia-2-de-agosto-em-itaperuna-rj","status":"publish","type":"post","link":"https:\/\/hostnetart.com.br\/baixada\/27-conferencia-interestadual-da-fetraf-rj-es-ocorre-no-dia-2-de-agosto-em-itaperuna-rj\/","title":{"rendered":"27\u00aa Confer\u00eancia Interestadual da Fetraf RJ\/ES ocorre no dia 2 de agosto em Itaperuna (RJ)"},"content":{"rendered":"<p>A Federac\u0327a\u0303o dos Trabalhadores do Ramo Financeiro dos Estados do Rio de Janeiro e Espi\u0301rito Santo (<strong>Fetraf RJ\/ES<\/strong>), que representa os Sindicatos dos Banc\u00e1rios de\u00a0<strong>Angra dos Reis e Regi\u00e3o, Baixada Fluminense, Esp\u00edrito Santo, Itaperuna e Regi\u00e3o, Maca\u00e9 e Regi\u00e3o, Nova Friburgo e Regi\u00e3o e Tr\u00eas Rios e Regi\u00e3o<\/strong>, realizar\u00e1 sua\u00a0<b>27\u00aa Confer\u00eancia Interestadual dos Trabalhadores e Trabalhadoras as do Ramo Financeiro dos Estados do Rio de Janeiro e Esp\u00edrito Santo,\u00a0<\/b>presencialmente<b>,\u00a0<\/b>dia\u00a0<strong>2 de agosto,\u00a0<\/strong>no espa\u00e7o Vila Multieventos<strong>,\u00a0<\/strong>na cidade de\u00a0<strong>Itaperuna (RJ),\u00a0<\/strong>a partir das 10 horas (credenciamento das 9h \u00e0s 12h).<\/p>\n<p>A Confer\u00eancia debater\u00e1 os impactos da tecnologia e terceiriza\u00e7\u00e3o no setor financeiro, focando tamb\u00e9m na sa\u00fade mental e f\u00edsica dos banc\u00e1rios frente \u00e0s metas.<\/p>\n<p>Al\u00e9m disso, o evento buscar\u00e1 apresentar e defender propostas resultantes de consultas, culminando na elei\u00e7\u00e3o da delega\u00e7\u00e3o para a Confer\u00eancia Nacional.<\/p>\n<p><span style=\"text-decoration: underline;\">Podem participar<\/span>:\u00a0banc\u00e1rios e banc\u00e1rias da ativa; e os aposentados e aposentadas de bancos p\u00fablicos e privados dos munic\u00edpios que comp\u00f5em as bases dos Sindicatos filiados \u00e0 Federa\u00e7\u00e3o, com direito a voz e voto.<\/p>\n<p><strong>PARA PARTICIPAR<\/strong><\/p>\n<p>Procure o diretor ou diretora do Sindicato dos Banc\u00e1rios da Baixada Fluminense, de sua \u00e1rea.<\/p>\n<p><strong>CONVIDADOS E PARTICIPANTES<\/strong><\/p>\n<p>A\u00a0<strong>27\u00aa Confer\u00eancia\u00a0<\/strong>contar\u00e1 com a participa\u00e7\u00e3o de\u00a0<strong>Juvandia Moreira<\/strong>\u00a0(Contraf-CUT) \u2013 por v\u00eddeo;\u00a0<strong>Sandro Cezar<\/strong>\u00a0(CUT\/RJ) e\u00a0<strong>Man\u00e9 Gabeira<\/strong>\u00a0(INTERSINDICAL).<\/p>\n<p>Al\u00e9m dos palestrantes:\u00a0<strong>Fernando Benfica<\/strong>\u00a0(T\u00e9cnico do DIEESE Rio) e\u00a0<strong>Mauro Salles<\/strong>\u00a0(Secret\u00e1rio de Sa\u00fade da Contraf-CUT).<\/p>\n<p><strong>PARTICIPE!<\/strong><\/p>\n","protected":false},"excerpt":{"rendered":"<p>A Federac\u0327a\u0303o dos Trabalhadores do Ramo Financeiro dos Estados do Rio de Janeiro e Espi\u0301rito Santo (Fetraf RJ\/ES), que representa os Sindicatos dos Banc\u00e1rios de\u00a0Angra dos Reis e Regi\u00e3o, Baixada Fluminense, Esp\u00edrito Santo, Itaperuna e Regi\u00e3o, Maca\u00e9 e Regi\u00e3o, Nova Friburgo e Regi\u00e3o e Tr\u00eas Rios e Regi\u00e3o, realizar\u00e1 sua\u00a027\u00aa Confer\u00eancia Interestadual dos Trabalhadores e [&hellip;]<\/p>\n","protected":false},"author":2,"featured_media":16522,"comment_status":"","ping_status":"","sticky":false,"template":"","format":"standard","meta":{"footnotes":""},"categories":[3],"tags":[],"class_list":["post-16523","post","type-post","status-publish","format-standard","has-post-thumbnail","hentry","category-noticias"],"_links":{"self":[{"href":"https:\/\/hostnetart.com.br\/baixada\/wp-json\/wp\/v2\/posts\/16523","targetHints":{"allow":["GET"]}}],"collection":[{"href":"https:\/\/hostnetart.com.br\/baixada\/wp-json\/wp\/v2\/posts"}],"about":[{"href":"https:\/\/hostnetart.com.br\/baixada\/wp-json\/wp\/v2\/types\/post"}],"author":[{"embeddable":true,"href":"https:\/\/hostnetart.com.br\/baixada\/wp-json\/wp\/v2\/users\/2"}],"replies":[{"embeddable":true,"href":"https:\/\/hostnetart.com.br\/baixada\/wp-json\/wp\/v2\/comments?post=16523"}],"version-history":[{"count":0,"href":"https:\/\/hostnetart.com.br\/baixada\/wp-json\/wp\/v2\/posts\/16523\/revisions"}],"wp:featuredmedia":[{"embeddable":true,"href":"https:\/\/hostnetart.com.br\/baixada\/wp-json\/wp\/v2\/media\/16522"}],"wp:attachment":[{"href":"https:\/\/hostnetart.com.br\/baixada\/wp-json\/wp\/v2\/media?parent=16523"}],"wp:term":[{"taxonomy":"category","embeddable":true,"href":"https:\/\/hostnetart.com.br\/baixada\/wp-json\/wp\/v2\/categories?post=16523"},{"taxonomy":"post_tag","embeddable":true,"href":"https:\/\/hostnetart.com.br\/baixada\/wp-json\/wp\/v2\/tags?post=16523"}],"curies":[{"name":"wp","href":"https:\/\/api.w.org\/{rel}","templated":true}]}}