{"id":16521,"date":"2025-06-27T17:00:56","date_gmt":"2025-06-27T20:00:56","guid":{"rendered":"https:\/\/hostnetart.com.br\/baixada\/consulta-nacional-dos-bancarios-segue-ate-11-de-julho\/"},"modified":"2025-06-27T17:00:56","modified_gmt":"2025-06-27T20:00:56","slug":"consulta-nacional-dos-bancarios-segue-ate-11-de-julho","status":"publish","type":"post","link":"https:\/\/hostnetart.com.br\/baixada\/consulta-nacional-dos-bancarios-segue-ate-11-de-julho\/","title":{"rendered":"Consulta Nacional dos Banc\u00e1rios segue at\u00e9 11 de julho"},"content":{"rendered":"<p>A Consulta Nacional dos Banc\u00e1rios e Banc\u00e1rias 2025 n\u00e3o terminar\u00e1 mais em 30 de junho.\u00a0<strong>A pedido de dirigentes de todo o pa\u00eds, a Contraf-CUT, sindicatos e federa\u00e7\u00f5es estenderam o per\u00edodo da pesquisa para o dia 11 de julho<\/strong>.<\/p>\n<p>Os dados que, como em todos os anos, ser\u00e3o tabulados pelo Departamento Intersindical de Estat\u00edstica e Estudos Socioecon\u00f4micos (Diesse), servem como base \u00e0s pautas de negocia\u00e7\u00f5es coletivas e das campanhas salariais. Ent\u00e3o,\u00a0<strong>a ampla participa\u00e7\u00e3o de banc\u00e1rios e banc\u00e1rias de todas as regi\u00f5es do pa\u00eds \u00e9 fundamental para seguir melhorando as estrat\u00e9gias de luta do movimento sindical banc\u00e1rio<\/strong>.<\/p>\n<p>Lembramos que a consulta poder\u00e1 ser respondida tanto pela\u00a0<a href=\"https:\/\/consultabancarios2025.votabem.com.br\/\" target=\"_blank\" rel=\"noopener noreferrer\"><strong>plataforma online VotaBem<\/strong><\/a>, quanto por meio do formato impresso (<a href=\"https:\/\/drive.google.com\/drive\/folders\/1cK4JngTrqJNgQTHoEw6CMnujQWBkqOKU\" target=\"_blank\" rel=\"noopener noreferrer\"><strong>clique aqui para baixar<\/strong><\/a>). Por\u00e9m, o que for coletado de forma impressa ter\u00e1 que ser repassado pelo dirigente \u00e0 plataforma online VotaBem.<\/p>\n<h2>Cinco motivos para participar da consulta<\/h2>\n<p>1. Compreender sua opini\u00e3o sobre assuntos fundamentais para prote\u00e7\u00e3o e avan\u00e7os nos direitos trabalhistas;<br \/>2. Sabia que o movimento sindical tamb\u00e9m defende a categoria no Congresso? Ent\u00e3o, nessa consulta, tamb\u00e9m perguntamos sobre temas pol\u00edticos e econ\u00f4micos, para articular melhor a nossa luta entre deputados e senadores;<br \/>3. Menos metas, mais sa\u00fade! Voc\u00ea nos ajudar\u00e1 e entender mais sobre os impactos do ambiente de trabalho na sa\u00fade mental das banc\u00e1rias e banc\u00e1rios;<br \/>4. Os avan\u00e7os tecnol\u00f3gicos s\u00e3o importantes e aumentam os lucros no setor. Por isso, por meio da consulta, queremos saber como as empresas devem compartilhar esses ganhos com os trabalhadores;<br \/>5. Por fim, \u00e9 r\u00e1pido, f\u00e1cil de responder (as perguntas s\u00e3o de m\u00faltiplas escolhas) e sem a necessidade de se identificar.<\/p>\n<h2>Para acessar<\/h2>\n<p>1. Link da consulta para banc\u00e1rios e banc\u00e1rias de todo o pa\u00eds:<br \/><a href=\"https:\/\/consultabancarios2025.votabem.com.br\/\" target=\"_blank\" rel=\"noopener noreferrer\">https:\/\/consultabancarios2025.votabem.com.br\/<\/a><\/p>\n<p><strong>Fonte: Contraf-CUT<\/strong><\/p>\n","protected":false},"excerpt":{"rendered":"<p>A Consulta Nacional dos Banc\u00e1rios e Banc\u00e1rias 2025 n\u00e3o terminar\u00e1 mais em 30 de junho.\u00a0A pedido de dirigentes de todo o pa\u00eds, a Contraf-CUT, sindicatos e federa\u00e7\u00f5es estenderam o per\u00edodo da pesquisa para o dia 11 de julho. Os dados que, como em todos os anos, ser\u00e3o tabulados pelo Departamento Intersindical de Estat\u00edstica e Estudos [&hellip;]<\/p>\n","protected":false},"author":2,"featured_media":16520,"comment_status":"","ping_status":"","sticky":false,"template":"","format":"standard","meta":{"footnotes":""},"categories":[3],"tags":[],"class_list":["post-16521","post","type-post","status-publish","format-standard","has-post-thumbnail","hentry","category-noticias"],"_links":{"self":[{"href":"https:\/\/hostnetart.com.br\/baixada\/wp-json\/wp\/v2\/posts\/16521","targetHints":{"allow":["GET"]}}],"collection":[{"href":"https:\/\/hostnetart.com.br\/baixada\/wp-json\/wp\/v2\/posts"}],"about":[{"href":"https:\/\/hostnetart.com.br\/baixada\/wp-json\/wp\/v2\/types\/post"}],"author":[{"embeddable":true,"href":"https:\/\/hostnetart.com.br\/baixada\/wp-json\/wp\/v2\/users\/2"}],"replies":[{"embeddable":true,"href":"https:\/\/hostnetart.com.br\/baixada\/wp-json\/wp\/v2\/comments?post=16521"}],"version-history":[{"count":0,"href":"https:\/\/hostnetart.com.br\/baixada\/wp-json\/wp\/v2\/posts\/16521\/revisions"}],"wp:featuredmedia":[{"embeddable":true,"href":"https:\/\/hostnetart.com.br\/baixada\/wp-json\/wp\/v2\/media\/16520"}],"wp:attachment":[{"href":"https:\/\/hostnetart.com.br\/baixada\/wp-json\/wp\/v2\/media?parent=16521"}],"wp:term":[{"taxonomy":"category","embeddable":true,"href":"https:\/\/hostnetart.com.br\/baixada\/wp-json\/wp\/v2\/categories?post=16521"},{"taxonomy":"post_tag","embeddable":true,"href":"https:\/\/hostnetart.com.br\/baixada\/wp-json\/wp\/v2\/tags?post=16521"}],"curies":[{"name":"wp","href":"https:\/\/api.w.org\/{rel}","templated":true}]}}