{"id":1652,"date":"2013-10-28T00:00:00","date_gmt":"2013-10-28T02:00:00","guid":{"rendered":"https:\/\/hostnetart.com.br\/baixada\/antecipacao-da-plr-sai-ate-segunda-e-injeta-r-2-8-bilhoes-na-economia\/"},"modified":"2013-10-28T00:00:00","modified_gmt":"2013-10-28T02:00:00","slug":"antecipacao-da-plr-sai-ate-segunda-e-injeta-r-2-8-bilhoes-na-economia","status":"publish","type":"post","link":"https:\/\/hostnetart.com.br\/baixada\/antecipacao-da-plr-sai-ate-segunda-e-injeta-r-2-8-bilhoes-na-economia\/","title":{"rendered":"Antecipa\u00e7\u00e3o da PLR sai at\u00e9 segunda e injeta R$ 2,8 bilh\u00f5es na economia"},"content":{"rendered":"<p><em>Tabela para c\u00e1lculo do IR sobre total recebido de PLR neste ano<\/em><\/p>\n<p>\u00a0<\/p>\n<p>Conforme determina a Conven\u00e7\u00e3o Coletiva de Trabalho sobre Participa\u00e7\u00e3o nos Lucros ou Resultados dos Bancos em 2013, assinada na \u00faltima sexta-feira (18), em S\u00e3o Paulo, o prazo de pagamento da antecipa\u00e7\u00e3o da PLR vai at\u00e9 segunda-feira (28). Esse montante, conquistado com a for\u00e7a da greve nacional dos banc\u00e1rios, injetar\u00e1 cerca de R$ 2,8 bilh\u00f5es na economia brasileira, segundo proje\u00e7\u00e3o do Dieese.<\/p>\n<p>\u00a0<\/p>\n<p>\u201cA melhoria da PLR, assim como o aumento real de sal\u00e1rio e a valoriza\u00e7\u00e3o do piso, contribui de forma decisiva para distribuir a renda no Brasil, que tem a sexta maior economia do mundo, mas ainda \u00e9 um dos 12 pa\u00edses mais desiguais do planeta\u201d, afirma o presidente da Contraf-CUT, Carlos Cordeiro.<\/p>\n<p>\u00a0<\/p>\n<p>\u00a0<\/p>\n<p><strong>O que vem na antecipa\u00e7\u00e3o da PLR<\/strong><\/p>\n<p>\u00a0<\/p>\n<p>Pela regra b\u00e1sica da PLR, cada banc\u00e1rio tem direito a receber 54% do sal\u00e1rio mais o valor fixo de R$ 1.016,40, com teto de R$ 5.452,49.<\/p>\n<p>\u00a0<\/p>\n<p>J\u00e1 a parcela adicional da PLR garante a distribui\u00e7\u00e3o linear de 2,2% do lucro l\u00edquido do primeiro semestre de 2013, limitado a R$ 1.694,49.<\/p>\n<p>\u00a0<\/p>\n<p>\u00a0<\/p>\n<p><strong>Maiores bancos j\u00e1 come\u00e7aram pagamento<\/strong><\/p>\n<p>\u00a0<\/p>\n<p>O Banco do Brasil abriu o cronograma de pagamento da antecipa\u00e7\u00e3o da PLR, efetuando o cr\u00e9dito na \u00faltima sexta-feira. O Bradesco depositou na quarta (23).<\/p>\n<p>\u00a0<\/p>\n<p>A Caixa Econ\u00f4mica Federal disponibilizou os valores nesta quinta (24). O Ita\u00fa e o Santander creditam nesta sexta (25). J\u00e1 o HSBC deposita no \u00faltimo dia do prazo.<\/p>\n<p>\u00a0<\/p>\n<p>\u00a0<\/p>\n<p><strong>Melhoria da PLR<\/strong><\/p>\n<p>\u00a0<\/p>\n<p>Os banc\u00e1rios conquistaram melhorias na PLR. Os valores dos tetos da regra b\u00e1sica e da parcela adicional foram reajustados em 10%. Al\u00e9m disso, houve um aumento de 2% para 2,2% no lucro l\u00edquido a ser distribu\u00eddo de forma linear na parcela adicional.<\/p>\n<p>\u00a0<\/p>\n<p>Desta forma, o total da PLR injetar\u00e1 aproximadamente R$ 5,3 bilh\u00f5es na economia nos pr\u00f3ximos 12 meses. Somente a PLR a ser paga pelo BB e Caixa responder\u00e3o por mais da metade desse montante (R$ 2,9 bilh\u00f5es).<\/p>\n<p>\u00a0<\/p>\n<p>A Fenaban tamb\u00e9m se comprometeu em rediscutir o modelo de pagamento da PLR antes das negocia\u00e7\u00f5es da Campanha Nacional de 2014.<\/p>\n<p>\u00a0<\/p>\n<p>\u00a0<\/p>\n<p><strong>Nova tabela de imposto de renda<\/strong><\/p>\n<p>\u00a0<\/p>\n<p>Os valores que os banc\u00e1rios ir\u00e3o receber na antecipa\u00e7\u00e3o da PLR t\u00eam tabela de imposto de renda pr\u00f3pria que estabelece isen\u00e7\u00e3o para o pagamento de at\u00e9 R$ 6 mil.<\/p>\n<p>\u00a0<\/p>\n<p>Com tributa\u00e7\u00e3o exclusiva, o c\u00e1lculo do imposto de renda da PLR leva em conta tudo o que o banc\u00e1rio recebe no ano: a segunda parcela paga na maioria dos bancos em fevereiro referente \u00e0 PLR de 2012, a antecipa\u00e7\u00e3o da PLR de 2013 e os programas pr\u00f3prios de renda vari\u00e1vel.<\/p>\n<p>\u00a0<\/p>\n<p>Se a soma desses pagamentos for de at\u00e9 R$ 6 mil a isen\u00e7\u00e3o \u00e9 total; se superior, h\u00e1 a incid\u00eancia do imposto, mas com al\u00edquotas menores.<\/p>\n<p>\u00a0<\/p>\n<p>Leia\u00a0<a href=\"http:\/\/www.contrafcut.org.br\/noticias.asp?CodNoticia=36264\" target=\"_blank\" rel=\"noopener noreferrer\">mais<\/a>\u00a0sobre o novo c\u00e1lculo.<\/p>\n<p>\u00a0<\/p>\n<p>Fonte: Contraf-CUT<\/p>\n","protected":false},"excerpt":{"rendered":"<p>Tabela para c\u00e1lculo do IR sobre total recebido de PLR neste ano \u00a0 Conforme determina a Conven\u00e7\u00e3o Coletiva de Trabalho sobre Participa\u00e7\u00e3o nos Lucros ou Resultados dos Bancos em 2013, assinada na \u00faltima sexta-feira (18), em S\u00e3o Paulo, o prazo de pagamento da antecipa\u00e7\u00e3o da PLR vai at\u00e9 segunda-feira (28). Esse montante, conquistado com a [&hellip;]<\/p>\n","protected":false},"author":1,"featured_media":0,"comment_status":"","ping_status":"","sticky":false,"template":"","format":"standard","meta":{"footnotes":""},"categories":[3],"tags":[],"class_list":["post-1652","post","type-post","status-publish","format-standard","hentry","category-noticias"],"_links":{"self":[{"href":"https:\/\/hostnetart.com.br\/baixada\/wp-json\/wp\/v2\/posts\/1652","targetHints":{"allow":["GET"]}}],"collection":[{"href":"https:\/\/hostnetart.com.br\/baixada\/wp-json\/wp\/v2\/posts"}],"about":[{"href":"https:\/\/hostnetart.com.br\/baixada\/wp-json\/wp\/v2\/types\/post"}],"author":[{"embeddable":true,"href":"https:\/\/hostnetart.com.br\/baixada\/wp-json\/wp\/v2\/users\/1"}],"replies":[{"embeddable":true,"href":"https:\/\/hostnetart.com.br\/baixada\/wp-json\/wp\/v2\/comments?post=1652"}],"version-history":[{"count":0,"href":"https:\/\/hostnetart.com.br\/baixada\/wp-json\/wp\/v2\/posts\/1652\/revisions"}],"wp:attachment":[{"href":"https:\/\/hostnetart.com.br\/baixada\/wp-json\/wp\/v2\/media?parent=1652"}],"wp:term":[{"taxonomy":"category","embeddable":true,"href":"https:\/\/hostnetart.com.br\/baixada\/wp-json\/wp\/v2\/categories?post=1652"},{"taxonomy":"post_tag","embeddable":true,"href":"https:\/\/hostnetart.com.br\/baixada\/wp-json\/wp\/v2\/tags?post=1652"}],"curies":[{"name":"wp","href":"https:\/\/api.w.org\/{rel}","templated":true}]}}