{"id":16515,"date":"2025-06-24T16:06:51","date_gmt":"2025-06-24T19:06:51","guid":{"rendered":"https:\/\/hostnetart.com.br\/baixada\/movimento-sindical-debate-fortalecimento-de-campanhas-solidarias-para-a-categoria\/"},"modified":"2025-06-24T16:06:51","modified_gmt":"2025-06-24T19:06:51","slug":"movimento-sindical-debate-fortalecimento-de-campanhas-solidarias-para-a-categoria","status":"publish","type":"post","link":"https:\/\/hostnetart.com.br\/baixada\/movimento-sindical-debate-fortalecimento-de-campanhas-solidarias-para-a-categoria\/","title":{"rendered":"Movimento Sindical debate fortalecimento de campanhas solid\u00e1rias para a categoria"},"content":{"rendered":"<\/p>\n<p>O Coletivo Sindicato Solid\u00e1rio da Contraf-CUT realizou, nesta quarta-feira (18), uma reuni\u00e3o extraordin\u00e1ria com o objetivo de discutir iniciativas de solidariedade voltadas para a categoria banc\u00e1ria. Entre as a\u00e7\u00f5es debatidas est\u00e3o campanhas de doa\u00e7\u00e3o de sangue e de medula \u00f3ssea, al\u00e9m da tradicional campanha do agasalho, fundamentais para mobilizar as banc\u00e1rias e os banc\u00e1rios em prol da sociedade.<\/p>\n<p>Durante o encontro, foi refor\u00e7ada a import\u00e2ncia de a Contraf-CUT apoiar e dar visibilidade \u00e0s campanhas j\u00e1 realizadas por sindicatos em todo o pa\u00eds, de modo a valorizar essas pr\u00e1ticas e transform\u00e1-las em refer\u00eancia e inspira\u00e7\u00e3o para outras entidades sindicais.<\/p>\n<p>Al\u00e9m do apoio institucional, o coletivo tamb\u00e9m defendeu que a Contraf-CUT possa liderar diretamente algumas dessas campanhas, ampliando o alcance das a\u00e7\u00f5es solid\u00e1rias e estimulando o engajamento da categoria em iniciativas de responsabilidade social.<\/p>\n<p>Para Almir Aguiar, coordenador do Coletivo Sindicato Solid\u00e1rio da Contraf-CUT, essas a\u00e7\u00f5es s\u00e3o essenciais para fortalecer o papel social do movimento sindical. &#8220;A solidariedade faz parte da ess\u00eancia da luta sindical. Por isso, \u00e9 fundamental que a Contraf-CUT incentive e apoie as campanhas j\u00e1 desenvolvidas pelos sindicatos e tamb\u00e9m assuma a lideran\u00e7a de a\u00e7\u00f5es nacionais que possam mobilizar toda a categoria. Assim, damos exemplo e mostramos que o sindicalismo vai muito al\u00e9m da defesa de direitos trabalhistas \u2014 ele tamb\u00e9m transforma realidades e salva vidas.&#8221;<\/p>\n<p>O coletivo volta a se reunir no dia 2 de julho para apresentar propostas concretas de campanhas solid\u00e1rias, que poder\u00e3o ser incorporadas ao calend\u00e1rio nacional da Contraf-CUT e debatidas junto aos sindicatos e federa\u00e7\u00f5es de todo o pa\u00eds.<\/p>\n<p><strong>Fonte: Contraf-CUT<\/strong><\/p>\n","protected":false},"excerpt":{"rendered":"<p>O Coletivo Sindicato Solid\u00e1rio da Contraf-CUT realizou, nesta quarta-feira (18), uma reuni\u00e3o extraordin\u00e1ria com o objetivo de discutir iniciativas de solidariedade voltadas para a categoria banc\u00e1ria. Entre as a\u00e7\u00f5es debatidas est\u00e3o campanhas de doa\u00e7\u00e3o de sangue e de medula \u00f3ssea, al\u00e9m da tradicional campanha do agasalho, fundamentais para mobilizar as banc\u00e1rias e os banc\u00e1rios em [&hellip;]<\/p>\n","protected":false},"author":2,"featured_media":16514,"comment_status":"","ping_status":"","sticky":false,"template":"","format":"standard","meta":{"footnotes":""},"categories":[3],"tags":[],"class_list":["post-16515","post","type-post","status-publish","format-standard","has-post-thumbnail","hentry","category-noticias"],"_links":{"self":[{"href":"https:\/\/hostnetart.com.br\/baixada\/wp-json\/wp\/v2\/posts\/16515","targetHints":{"allow":["GET"]}}],"collection":[{"href":"https:\/\/hostnetart.com.br\/baixada\/wp-json\/wp\/v2\/posts"}],"about":[{"href":"https:\/\/hostnetart.com.br\/baixada\/wp-json\/wp\/v2\/types\/post"}],"author":[{"embeddable":true,"href":"https:\/\/hostnetart.com.br\/baixada\/wp-json\/wp\/v2\/users\/2"}],"replies":[{"embeddable":true,"href":"https:\/\/hostnetart.com.br\/baixada\/wp-json\/wp\/v2\/comments?post=16515"}],"version-history":[{"count":0,"href":"https:\/\/hostnetart.com.br\/baixada\/wp-json\/wp\/v2\/posts\/16515\/revisions"}],"wp:featuredmedia":[{"embeddable":true,"href":"https:\/\/hostnetart.com.br\/baixada\/wp-json\/wp\/v2\/media\/16514"}],"wp:attachment":[{"href":"https:\/\/hostnetart.com.br\/baixada\/wp-json\/wp\/v2\/media?parent=16515"}],"wp:term":[{"taxonomy":"category","embeddable":true,"href":"https:\/\/hostnetart.com.br\/baixada\/wp-json\/wp\/v2\/categories?post=16515"},{"taxonomy":"post_tag","embeddable":true,"href":"https:\/\/hostnetart.com.br\/baixada\/wp-json\/wp\/v2\/tags?post=16515"}],"curies":[{"name":"wp","href":"https:\/\/api.w.org\/{rel}","templated":true}]}}