{"id":16513,"date":"2025-06-23T08:45:39","date_gmt":"2025-06-23T11:45:39","guid":{"rendered":"https:\/\/hostnetart.com.br\/baixada\/participe-consulta-nacional-dos-bancarios-termina-em-30-de-junho\/"},"modified":"2025-06-23T08:45:39","modified_gmt":"2025-06-23T11:45:39","slug":"participe-consulta-nacional-dos-bancarios-termina-em-30-de-junho","status":"publish","type":"post","link":"https:\/\/hostnetart.com.br\/baixada\/participe-consulta-nacional-dos-bancarios-termina-em-30-de-junho\/","title":{"rendered":"Participe! Consulta Nacional dos Banc\u00e1rios termina em 30 de junho"},"content":{"rendered":"<\/p>\n<p><strong>A Consulta Nacional dos Banc\u00e1rios 2025<\/strong> est\u00e1 em andamento desde o dia 15 de maio e <strong>ser\u00e1 encerrada no dia 30 de junho<\/strong>. A Confedera\u00e7\u00e3o Nacional dos Trabalhadores do Ramo Financeiro (Contraf-CUT) orienta a participa\u00e7\u00e3o de toda a categoria e pede aos dirigentes sindicais que sigam organizando mutir\u00f5es em suas bases, para ampliar a n\u00famero de respondentes.<\/p>\n<p><strong>\u201cBanc\u00e1rias e banc\u00e1rios de todo o pa\u00eds, sejam eles filiados ou n\u00e3o aos sindicatos, podem responder \u00e0 Consulta Nacional\u201d,<\/strong> explica a coordenadora do Comando Nacional dos Banc\u00e1rios e presidenta da Contraf-CUT, Juvandia Moreira.<\/p>\n<p>Os dados que, como em todos os anos, ser\u00e3o tabulados pelo Departamento Intersindical de Estat\u00edstica e Estudos Socioecon\u00f4micos (Diesse), servem como base \u00e0s pautas de negocia\u00e7\u00f5es coletivas e das campanhas salariais. <strong>\u201cPor isso, essa fase de levantamento \u00e9 fundamental, para que a gente tenha uma vis\u00e3o mais assertiva dos anseios e necessidades da categoria\u201d<\/strong>, completa a dirigente.<\/p>\n<p>A consulta poder\u00e1 ser respondida tanto pela <a href=\"https:\/\/consultabancarios2025.votabem.com.br\/\" target=\"_blank\" rel=\"noopener noreferrer\"><strong>plataforma online VotaBem<\/strong><\/a>, quanto por meio do formato impresso <a href=\"https:\/\/drive.google.com\/drive\/folders\/1cK4JngTrqJNgQTHoEw6CMnujQWBkqOKU\" target=\"_blank\" rel=\"noopener noreferrer\"><strong>(clique aqui para baixar)<\/strong><\/a>. Por\u00e9m, o que for coletado de forma impressa ter\u00e1 que ser repassado pelo dirigente \u00e0 plataforma online VotaBem.<\/p>\n<h2>Cinco motivos para participar da consulta<\/h2>\n<p><strong>1. <\/strong>Conheceremos sua opini\u00e3o sobre assuntos fundamentais para prote\u00e7\u00e3o e avan\u00e7os nos direitos trabalhistas da categoria;<br \/><strong>2.<\/strong> Sabia que o movimento sindical tamb\u00e9m defende a categoria no Congresso?\u00a0Ent\u00e3o, nessa consulta, n\u00f3s tamb\u00e9m perguntamos sobre temas pol\u00edticos e econ\u00f4micos, para articular melhor a nossa luta entre deputados e senadores;<br \/><strong>3. <\/strong>Menos metas, mais sa\u00fade! Voc\u00ea nos ajudar\u00e1 e entender mais sobre os impactos do ambiente de trabalho na sa\u00fade mental das banc\u00e1rias e banc\u00e1rios;<br \/><strong>4.<\/strong> Os avan\u00e7os tecnol\u00f3gicos s\u00e3o importantes e aumentam os lucros no setor. Por isso, por meio da consulta, queremos saber como as empresas devem compartilhar esses ganhos com os trabalhadores;<br \/><strong>5. <\/strong>Por fim, \u00e9 r\u00e1pido, f\u00e1cil de responder (as perguntas s\u00e3o de m\u00faltiplas escolhas) e sem a necessidade de se identificar.<\/p>\n<h2>Para acessar<\/h2>\n<p><strong>1. Link da consulta para banc\u00e1rios e banc\u00e1rias de todo o pa\u00eds:<\/strong><br \/><a href=\"https:\/\/consultabancarios2025.votabem.com.br\/\" target=\"_blank\" rel=\"noopener noreferrer\">https:\/\/consultabancarios2025.votabem.com.br\/<\/a><\/p>\n<p><strong>Fonte: Contraf-CUT<\/strong><\/p>\n","protected":false},"excerpt":{"rendered":"<p>A Consulta Nacional dos Banc\u00e1rios 2025 est\u00e1 em andamento desde o dia 15 de maio e ser\u00e1 encerrada no dia 30 de junho. A Confedera\u00e7\u00e3o Nacional dos Trabalhadores do Ramo Financeiro (Contraf-CUT) orienta a participa\u00e7\u00e3o de toda a categoria e pede aos dirigentes sindicais que sigam organizando mutir\u00f5es em suas bases, para ampliar a n\u00famero [&hellip;]<\/p>\n","protected":false},"author":2,"featured_media":16512,"comment_status":"","ping_status":"","sticky":false,"template":"","format":"standard","meta":{"footnotes":""},"categories":[3],"tags":[],"class_list":["post-16513","post","type-post","status-publish","format-standard","has-post-thumbnail","hentry","category-noticias"],"_links":{"self":[{"href":"https:\/\/hostnetart.com.br\/baixada\/wp-json\/wp\/v2\/posts\/16513","targetHints":{"allow":["GET"]}}],"collection":[{"href":"https:\/\/hostnetart.com.br\/baixada\/wp-json\/wp\/v2\/posts"}],"about":[{"href":"https:\/\/hostnetart.com.br\/baixada\/wp-json\/wp\/v2\/types\/post"}],"author":[{"embeddable":true,"href":"https:\/\/hostnetart.com.br\/baixada\/wp-json\/wp\/v2\/users\/2"}],"replies":[{"embeddable":true,"href":"https:\/\/hostnetart.com.br\/baixada\/wp-json\/wp\/v2\/comments?post=16513"}],"version-history":[{"count":0,"href":"https:\/\/hostnetart.com.br\/baixada\/wp-json\/wp\/v2\/posts\/16513\/revisions"}],"wp:featuredmedia":[{"embeddable":true,"href":"https:\/\/hostnetart.com.br\/baixada\/wp-json\/wp\/v2\/media\/16512"}],"wp:attachment":[{"href":"https:\/\/hostnetart.com.br\/baixada\/wp-json\/wp\/v2\/media?parent=16513"}],"wp:term":[{"taxonomy":"category","embeddable":true,"href":"https:\/\/hostnetart.com.br\/baixada\/wp-json\/wp\/v2\/categories?post=16513"},{"taxonomy":"post_tag","embeddable":true,"href":"https:\/\/hostnetart.com.br\/baixada\/wp-json\/wp\/v2\/tags?post=16513"}],"curies":[{"name":"wp","href":"https:\/\/api.w.org\/{rel}","templated":true}]}}