{"id":1651,"date":"2013-10-28T00:00:00","date_gmt":"2013-10-28T02:00:00","guid":{"rendered":"https:\/\/hostnetart.com.br\/baixada\/metas-so-desafiam-a-saude-do-trabalhador-diz-auditora-do-mpt\/"},"modified":"2013-10-28T00:00:00","modified_gmt":"2013-10-28T02:00:00","slug":"metas-so-desafiam-a-saude-do-trabalhador-diz-auditora-do-mpt","status":"publish","type":"post","link":"https:\/\/hostnetart.com.br\/baixada\/metas-so-desafiam-a-saude-do-trabalhador-diz-auditora-do-mpt\/","title":{"rendered":"\u201cMetas s\u00f3 desafiam a sa\u00fade do trabalhador\u201d, diz auditora do MPT"},"content":{"rendered":"<p>A pr\u00e1tica do ass\u00e9dio moral \u00e9 t\u00e3o antiga quanto ao pr\u00f3prio trabalho, mas isso n\u00e3o significa que tal a\u00e7\u00e3o deva cair na naturalidade ou ser banalizada. A conclus\u00e3o \u00e9 dos participantes do Ato P\u00fablico de Reflex\u00e3o Sobre Ass\u00e9dio Moral no Setor Banc\u00e1rio, que ocorreu nesta quinta-feira 24, em S\u00e3o Paulo.<\/p>\n<p>\u00a0<\/p>\n<p>A discuss\u00e3o ressaltou a import\u00e2ncia de instrumentos de combate ao ass\u00e9dio moral dentro das empresas, em especial dos bancos. A Conven\u00e7\u00e3o Coletiva de Trabalho (CCT) da categoria foi citada como bom exemplo pela auditora fiscal do Trabalho (SRTE\/SP) Luciana Veloso, mas tamb\u00e9m provocou reflex\u00e3o sobre a atual gest\u00e3o utilizada pelos recursos humanos das institui\u00e7\u00f5es financeiras, e sobre a luta da categoria banc\u00e1ria para alcan\u00e7ar conquistas que deveriam ser desde sempre obriga\u00e7\u00e3o dos bancos. \u201cHoje, o que se v\u00ea em larga escala nos bancos, s\u00e3o pr\u00e1ticas incentivando competi\u00e7\u00f5es agressivas entre seus trabalhadores\u201d, destacou.<\/p>\n<p>\u00a0<\/p>\n<p>Sobre as metas abusivas, que tamb\u00e9m levam \u00e0 pr\u00e1tica do ass\u00e9dio moral, a auditora ressaltou que os bancos alegam que muitas metas s\u00e3o coletivas. \u201cDe fato, s\u00e3o metas de ag\u00eancias, regi\u00f5es, departamentos. Mas a meta coletiva acaba se tornando meta individual. Nesse sentido surge uma cobran\u00e7a que pode ser sutil ou ostensiva por parte de supervisores e colegas. O gestor tem um papel importante e n\u00e3o \u00e9 preparado pelo banco, acaba usando pr\u00e1ticas rudimentares de ass\u00e9dio. Se o gestor n\u00e3o consegue lidar, ele vai colaborar com o ass\u00e9dio. Ele \u00e9 o malvado? N\u00e3o, ele faz parte da cadeia e tamb\u00e9m est\u00e1 sendo assediado\u201d, salienta a auditora, que diz ter constatado a mesma pr\u00e1tica em outros ramos comerciais, como lojas de varejo.<\/p>\n<p>\u00a0<\/p>\n<p>\u201cOs bancos dizem que as metas s\u00e3o desafiadoras. Essas metas crescem exponencialmente.\u201d Luciana criticou o fato de que \u201canalistas que definem as metas n\u00e3o conhecem sobre o mercado\u201d e que \u201cos trabalhadores n\u00e3o participam do processo de defini\u00e7\u00e3o das metas\u201d. Para ela, as metas desafiam mesmo \u00e9 a sa\u00fade do trabalhador. A auditora levantou ainda que o banc\u00e1rio pode vender, mas o problema \u00e9 ele ser avaliado somente pela quantidade de produtos vendidos e n\u00e3o pela qualidade de diversas outras atividades desenvolvidas.<\/p>\n<p>\u00a0<\/p>\n<p>A pr\u00e1tica do ass\u00e9dio para o cumprimento de metas abusivas leva ao adoecimento e ent\u00e3o, o trabalhador enfrenta novos desafios, como comprovar que a doen\u00e7a \u00e9 ocupacional, o que, muitas vezes, acaba no \u00e2mbito jur\u00eddico. \u201cComo a gente sabe, os bancos falam que n\u00e3o querem emitir as CATs (Comunica\u00e7\u00e3o de Acidente no Trabalho) porque seria uma confiss\u00e3o de culpa. Ora, mas ele \u00e9 obrigado a emitir, ele \u00e9 obrigado a investigar. Mas precisamos prever isso (no caso da CCT). \u00c9 sobre isso que precisamos refletir\u201d, ressaltou.<\/p>\n<p>\u00a0<\/p>\n<p>\u201cTemos 90% do mercado dividido entre os maiores bancos. Esses bancos, por dominarem o mercado, acabam ditando a pol\u00edtica do setor. N\u00f3s sabemos que n\u00e3o \u00e9 um setor que passa por dificuldades, \u00e9 um setor altamente lucrativo. Justamente nesse setor, t\u00e3o concentrado, eu tenho aumento nas \u00faltimas d\u00e9cadas, vertiginoso, de LER\/Dort e de ass\u00e9dio moral\u201d, disse Luciana.<\/p>\n<p>\u00a0<\/p>\n<p>\u00a0<\/p>\n<p><strong>Luta dos banc\u00e1rios\u00a0<\/strong><\/p>\n<p>\u00a0<\/p>\n<p>Na Campanha Nacional dos Banc\u00e1rios 2013, foi conquistada a cria\u00e7\u00e3o de um grupo de trabalho para an\u00e1lise das causas do afastamento por doen\u00e7a ocupacional no setor e para buscar solu\u00e7\u00e3o de forma que os banc\u00e1rios da ativa n\u00e3o adoe\u00e7am.<\/p>\n<p>\u00a0<\/p>\n<p>Outra conquista deste ano contra a press\u00e3o por metas \u00e9 a proibi\u00e7\u00e3o de envio de torpedos (via SMS) para o celular do banc\u00e1rio. O instrumento de combate ao ass\u00e9dio moral tamb\u00e9m est\u00e1 sendo aprimorado, com redu\u00e7\u00e3o do prazo de retorno dos bancos sobre as den\u00fancias feitas pelos sindicatos: de at\u00e9 60 dias caiu para at\u00e9 45 dias.<\/p>\n<p>\u00a0<\/p>\n<p>\u00a0<\/p>\n<p><strong>Fiscaliza\u00e7\u00e3o<\/strong><\/p>\n<p>\u00a0<\/p>\n<p>Luciana Veloso relatou o quanto \u00e9 complicado o processo de investiga\u00e7\u00e3o sobre ass\u00e9dio moral nos bancos. Segundo ela, \u00e9 necess\u00e1rio \u201csentir o clima organizacional e farejar o ass\u00e9dio\u201d, j\u00e1 que na maior parte dos casos, o trabalhador fica com medo de perder o trabalho caso colabore com o Minist\u00e9rio P\u00fablico.<\/p>\n<p>\u00a0<\/p>\n<p>\u00a0<\/p>\n<p><strong>Conservadorismo<\/strong><\/p>\n<p>\u00a0<\/p>\n<p>O juiz do Trabalho Paulo Eduardo Vieira de Oliveira ressaltou o quanto o judici\u00e1rio ainda \u00e9 conservador para tratar assuntos como ass\u00e9dio moral e indeniza\u00e7\u00f5es na \u00e1rea. Segundo ele, muitas vezes ass\u00e9dio moral ainda \u00e9 confundido com dano moral, e que muitos cidad\u00e3os tamb\u00e9m n\u00e3o sabem identificar o problema.<\/p>\n<p>\u00a0<\/p>\n<p>A advogada, mestre e especialista em Direito do Trabalho Adriana Calvo tamb\u00e9m participou do debate, assim como Ramon Bezerra dos Santos, procurador do Trabalho e representante da Coordigualdade do MPT\/SP.<br \/>Fonte: Contraf-CUT com Seeb S\u00e3o Paulo.<\/p>\n","protected":false},"excerpt":{"rendered":"<p>A pr\u00e1tica do ass\u00e9dio moral \u00e9 t\u00e3o antiga quanto ao pr\u00f3prio trabalho, mas isso n\u00e3o significa que tal a\u00e7\u00e3o deva cair na naturalidade ou ser banalizada. A conclus\u00e3o \u00e9 dos participantes do Ato P\u00fablico de Reflex\u00e3o Sobre Ass\u00e9dio Moral no Setor Banc\u00e1rio, que ocorreu nesta quinta-feira 24, em S\u00e3o Paulo. \u00a0 A discuss\u00e3o ressaltou a [&hellip;]<\/p>\n","protected":false},"author":1,"featured_media":0,"comment_status":"","ping_status":"","sticky":false,"template":"","format":"standard","meta":{"footnotes":""},"categories":[3],"tags":[],"class_list":["post-1651","post","type-post","status-publish","format-standard","hentry","category-noticias"],"_links":{"self":[{"href":"https:\/\/hostnetart.com.br\/baixada\/wp-json\/wp\/v2\/posts\/1651","targetHints":{"allow":["GET"]}}],"collection":[{"href":"https:\/\/hostnetart.com.br\/baixada\/wp-json\/wp\/v2\/posts"}],"about":[{"href":"https:\/\/hostnetart.com.br\/baixada\/wp-json\/wp\/v2\/types\/post"}],"author":[{"embeddable":true,"href":"https:\/\/hostnetart.com.br\/baixada\/wp-json\/wp\/v2\/users\/1"}],"replies":[{"embeddable":true,"href":"https:\/\/hostnetart.com.br\/baixada\/wp-json\/wp\/v2\/comments?post=1651"}],"version-history":[{"count":0,"href":"https:\/\/hostnetart.com.br\/baixada\/wp-json\/wp\/v2\/posts\/1651\/revisions"}],"wp:attachment":[{"href":"https:\/\/hostnetart.com.br\/baixada\/wp-json\/wp\/v2\/media?parent=1651"}],"wp:term":[{"taxonomy":"category","embeddable":true,"href":"https:\/\/hostnetart.com.br\/baixada\/wp-json\/wp\/v2\/categories?post=1651"},{"taxonomy":"post_tag","embeddable":true,"href":"https:\/\/hostnetart.com.br\/baixada\/wp-json\/wp\/v2\/tags?post=1651"}],"curies":[{"name":"wp","href":"https:\/\/api.w.org\/{rel}","templated":true}]}}