{"id":16507,"date":"2025-06-17T19:14:43","date_gmt":"2025-06-17T22:14:43","guid":{"rendered":"https:\/\/hostnetart.com.br\/baixada\/sindicato-faz-ato-pelo-dia-nacional-de-luta-em-defesa-do-saude-caixa-2\/"},"modified":"2025-06-17T19:14:43","modified_gmt":"2025-06-17T22:14:43","slug":"sindicato-faz-ato-pelo-dia-nacional-de-luta-em-defesa-do-saude-caixa-2","status":"publish","type":"post","link":"https:\/\/hostnetart.com.br\/baixada\/sindicato-faz-ato-pelo-dia-nacional-de-luta-em-defesa-do-saude-caixa-2\/","title":{"rendered":"Sindicato faz ato pelo Dia Nacional de Luta em Defesa do Sa\u00fade Caixa"},"content":{"rendered":"<p>Nesta ter\u00e7a-feira, 17 de junho, o Sindicato dos Banc\u00e1rios da Baixada Fluminense fez um ato, em Nova Igua\u00e7u e em Duque de Caxias, para reivindicar reajuste zero nas mensalidades do Sa\u00fade Caixa e melhorias no plano de sa\u00fade. <\/p>\n<p>Foi o Dia Nacional de Luta em Defesa do Sa\u00fade Caixa, que ocorreu em todo o pa\u00eds. <\/p>\n<p>Al\u00e9m de percorrerem as ag\u00eancias do munic\u00edpio, os dirigentes sindicais leram uma Carta Aberta a Caixa.<\/p>\n<p>A CARTA<\/p>\n<p>A Carta Aberta \u00e0 Caixa ressalta que os empregados desempenham um papel essencial para o pa\u00eds, mas que est\u00e3o indignados com as atitudes da dire\u00e7\u00e3o do banco em rela\u00e7\u00e3o ao Sa\u00fade Caixa.<\/p>\n<p>Em um trecho do texto os empregados afirmam \u201cnossa sa\u00fade n\u00e3o pode ser negligenciada!\u201d Em outro, lembram quem o \u201cSa\u00fade Caixa, que sempre foi baseado em um modelo justo e solid\u00e1rio, vem sendo atacado nos \u00faltimos anos\u201d e que a \u201cempresa tem transferido progressivamente os custos do plano para n\u00f3s, trabalhadores.\u201d<\/p>\n<p>\u201cA Caixa justifica essa transfer\u00eancia de custos aos empregados, dizendo que o Estatuto do banco limita os gastos com a sa\u00fade do quadro de pessoal a um teto de 6,5% da folha de pagamento. Mas, esse limite \u00e9 imposto pelo pr\u00f3prio banco\u201d, observa o coordenador da Comiss\u00e3o Executiva dos Empregados (CEE) da Caixa, Felipe Pacheco, ao lembrar que a resolu\u00e7\u00e3o 52 da Comiss\u00e3o Interministerial de Governan\u00e7a Corporativa e de Administra\u00e7\u00e3o de Participa\u00e7\u00f5es Societ\u00e1rias da Uni\u00e3o (CGPAR) permite que o banco arque com at\u00e9 70% dos custos com sa\u00fade, exatamente o percentual definido no Acordo Coletivo de Trabalho (ACT) espec\u00edfico do Sa\u00fade Caixa.<\/p>\n<p>A carta aberta observa que \u201cquando o limite de gastos \u00e9 atingido, a empresa simplesmente deixa de cumprir sua parte.\u201d O coordenador da CEE\/Caixa refor\u00e7a que \u201co \u00fanico objetivo do banco \u00e9 restringir sua responsabilidade com o custeio do plano\u201d.<\/p>\n<p>O texto diz tamb\u00e9m que, al\u00e9m dos custos das mensalidades, existem problemas com a rede credenciada e com a centraliza\u00e7\u00e3o do atendimento aos usu\u00e1rios e prestadores de servi\u00e7os, o que gera demora para resolu\u00e7\u00e3o de problemas, como o reembolso de gastos dos usu\u00e1rios e o pagamento de servi\u00e7os prestados pelos profissionais e estabelecimentos credenciados.<\/p>\n<p>*<i>confira mais fotos em nossas redes sociais<\/i>\u00a0<\/p>\n","protected":false},"excerpt":{"rendered":"<p>Nesta ter\u00e7a-feira, 17 de junho, o Sindicato dos Banc\u00e1rios da Baixada Fluminense fez um ato, em Nova Igua\u00e7u e em Duque de Caxias, para reivindicar reajuste zero nas mensalidades do Sa\u00fade Caixa e melhorias no plano de sa\u00fade. Foi o Dia Nacional de Luta em Defesa do Sa\u00fade Caixa, que ocorreu em todo o pa\u00eds. [&hellip;]<\/p>\n","protected":false},"author":2,"featured_media":16506,"comment_status":"","ping_status":"","sticky":false,"template":"","format":"standard","meta":{"footnotes":""},"categories":[3],"tags":[],"class_list":["post-16507","post","type-post","status-publish","format-standard","has-post-thumbnail","hentry","category-noticias"],"_links":{"self":[{"href":"https:\/\/hostnetart.com.br\/baixada\/wp-json\/wp\/v2\/posts\/16507","targetHints":{"allow":["GET"]}}],"collection":[{"href":"https:\/\/hostnetart.com.br\/baixada\/wp-json\/wp\/v2\/posts"}],"about":[{"href":"https:\/\/hostnetart.com.br\/baixada\/wp-json\/wp\/v2\/types\/post"}],"author":[{"embeddable":true,"href":"https:\/\/hostnetart.com.br\/baixada\/wp-json\/wp\/v2\/users\/2"}],"replies":[{"embeddable":true,"href":"https:\/\/hostnetart.com.br\/baixada\/wp-json\/wp\/v2\/comments?post=16507"}],"version-history":[{"count":0,"href":"https:\/\/hostnetart.com.br\/baixada\/wp-json\/wp\/v2\/posts\/16507\/revisions"}],"wp:featuredmedia":[{"embeddable":true,"href":"https:\/\/hostnetart.com.br\/baixada\/wp-json\/wp\/v2\/media\/16506"}],"wp:attachment":[{"href":"https:\/\/hostnetart.com.br\/baixada\/wp-json\/wp\/v2\/media?parent=16507"}],"wp:term":[{"taxonomy":"category","embeddable":true,"href":"https:\/\/hostnetart.com.br\/baixada\/wp-json\/wp\/v2\/categories?post=16507"},{"taxonomy":"post_tag","embeddable":true,"href":"https:\/\/hostnetart.com.br\/baixada\/wp-json\/wp\/v2\/tags?post=16507"}],"curies":[{"name":"wp","href":"https:\/\/api.w.org\/{rel}","templated":true}]}}