{"id":16503,"date":"2025-06-17T05:21:44","date_gmt":"2025-06-17T08:21:44","guid":{"rendered":"https:\/\/hostnetart.com.br\/baixada\/quem-ganha-e-quem-perde-com-a-reducao-da-meta-atuarial\/"},"modified":"2025-06-17T05:21:44","modified_gmt":"2025-06-17T08:21:44","slug":"quem-ganha-e-quem-perde-com-a-reducao-da-meta-atuarial","status":"publish","type":"post","link":"https:\/\/hostnetart.com.br\/baixada\/quem-ganha-e-quem-perde-com-a-reducao-da-meta-atuarial\/","title":{"rendered":"Quem ganha e quem perde com a redu\u00e7\u00e3o da meta atuarial?"},"content":{"rendered":"<\/p>\n<p>A redu\u00e7\u00e3o da meta atuarial promovida em 2017 foi uma das decis\u00f5es mais controversas da hist\u00f3ria recente da Funcef e os participantes continuam sentindo os impactos negativos at\u00e9 hoje. Ao reduzir a taxa de 5, 51% para 4,5% + INPC (\u00cdndice Nacional de Pre\u00e7os ao Consumidor), a medida gerou custos significativos em todos os planos, prejudicando os participantes ativos e aposentados.<\/p>\n<p>Na \u00e9poca, a medida foi apresentada como prudencial; no entanto, a redu\u00e7\u00e3o n\u00e3o era obrigat\u00f3ria, muito menos necess\u00e1ria. Os planos acumulavam resultados que superavam a meta de 5,51%. Ou seja, a Funcef tinha capacidade de superar as metas vigentes no per\u00edodo sem comprometer a sa\u00fade dos planos. Isso refor\u00e7a que decis\u00e3o foi tomada sem respaldo t\u00e9cnico e sem estudos que justificassem a medida.<\/p>\n<p><img decoding=\"async\" src=\"http:\/\/www.fenae.org.br\/portal\/data\/files\/32\/67\/6B\/7C\/64A77910B957F579403A91A8\/Imagem1.jpg\" alt=\"Imagem1.jpg\" \/><\/p>\n<p>O resultado foi desastroso um custo superior a R$ 6,5 bilh\u00f5es somente para os planos Reg\/Replan Saldado e N\u00e3o Saldado, o que resultou na cria\u00e7\u00e3o de um d\u00e9ficit n\u00e3o equacionado. Esse valor permaneceu registrado no balan\u00e7o da Funda\u00e7\u00e3o como um passivo, exigindo que os investimentos alcancem uma rentabilidade ainda maior que a pr\u00f3pria meta atuarial apenas para cobrir essa diferen\u00e7a.<\/p>\n<p>J\u00e1 nos planos REB e Novo Plano, o impacto foi de outra forma, reduzindo em cerca de 10% os benef\u00edcios concedidos a partir de 2018. Um desconto vital\u00edcio que dificilmente poder\u00e1 ser revertido. Na pr\u00e1tica, quem se aposentou depois da redu\u00e7\u00e3o passou a receber um benef\u00edcio permanentemente menor, sendo penalizado com um equacionamento perp\u00e9tuo.<\/p>\n<p>Conforme explicamos no texto anterior\u00a0<a href=\"https:\/\/metaatuarial.fenae.org.br\/portal\/meta-atuarial\/noticias\/beneficios-da-funcef-como-a-meta-atuarial-entra-nesse-calculo.htm\">(leia aqui)<\/a>, quando a meta atuarial \u00e9 reduzida, o valor presente das obriga\u00e7\u00f5es futuras do plano aumenta, pois a Funcef precisa acumular mais recursos agora para garantir o pagamento dos benef\u00edcios l\u00e1 na frente, j\u00e1 que se espera uma rentabilidade menor ao longo do tempo.<\/p>\n<p>Custos aos participantes, benef\u00edcios \u00e0 patrocinadora- A decis\u00e3o de reduzir a meta gerou um custo apenas para os participantes, que j\u00e1 viam seus benef\u00edcios diminu\u00edrem com o desconto das contribui\u00e7\u00f5es extraordin\u00e1rias. Quem n\u00e3o arca com este custo e ainda se beneficia com a redu\u00e7\u00e3o do compromisso dos planos \u00e9 a patrocinadora, a Caixa.<\/p>\n<p>Al\u00e9m disso, h\u00e1 outro benef\u00edcio para a Caixa. Atualmente o REB \u00e9 superavit\u00e1rio e est\u00e1 acumulando reserva especial, que \u00e9 formada quando os recursos do plano superam as obriga\u00e7\u00f5es atuariais e a reserva de conting\u00eancia. Quando isso acontece, o regulamento prev\u00ea a distribui\u00e7\u00e3o desse recurso entre os participantes e a patrocinadora. Isso significa que os participantes que passaram a receber benef\u00edcios a partir de janeiro de 2018 est\u00e3o recebendo menos do que poderiam, em fun\u00e7\u00e3o da redu\u00e7\u00e3o da meta. E a Caixa ainda pode ser beneficiada financeiramente com metade do excedente, aproveitando-se de um resultado positivo que foi constru\u00eddo com base em perdas impostas aos participantes.<\/p>\n<p><strong>Fonte:<\/strong><strong>\u00a0Contraf-CUT<\/strong><\/p>\n","protected":false},"excerpt":{"rendered":"<p>A redu\u00e7\u00e3o da meta atuarial promovida em 2017 foi uma das decis\u00f5es mais controversas da hist\u00f3ria recente da Funcef e os participantes continuam sentindo os impactos negativos at\u00e9 hoje. Ao reduzir a taxa de 5, 51% para 4,5% + INPC (\u00cdndice Nacional de Pre\u00e7os ao Consumidor), a medida gerou custos significativos em todos os planos, [&hellip;]<\/p>\n","protected":false},"author":2,"featured_media":16502,"comment_status":"","ping_status":"","sticky":false,"template":"","format":"standard","meta":{"footnotes":""},"categories":[3],"tags":[],"class_list":["post-16503","post","type-post","status-publish","format-standard","has-post-thumbnail","hentry","category-noticias"],"_links":{"self":[{"href":"https:\/\/hostnetart.com.br\/baixada\/wp-json\/wp\/v2\/posts\/16503","targetHints":{"allow":["GET"]}}],"collection":[{"href":"https:\/\/hostnetart.com.br\/baixada\/wp-json\/wp\/v2\/posts"}],"about":[{"href":"https:\/\/hostnetart.com.br\/baixada\/wp-json\/wp\/v2\/types\/post"}],"author":[{"embeddable":true,"href":"https:\/\/hostnetart.com.br\/baixada\/wp-json\/wp\/v2\/users\/2"}],"replies":[{"embeddable":true,"href":"https:\/\/hostnetart.com.br\/baixada\/wp-json\/wp\/v2\/comments?post=16503"}],"version-history":[{"count":0,"href":"https:\/\/hostnetart.com.br\/baixada\/wp-json\/wp\/v2\/posts\/16503\/revisions"}],"wp:featuredmedia":[{"embeddable":true,"href":"https:\/\/hostnetart.com.br\/baixada\/wp-json\/wp\/v2\/media\/16502"}],"wp:attachment":[{"href":"https:\/\/hostnetart.com.br\/baixada\/wp-json\/wp\/v2\/media?parent=16503"}],"wp:term":[{"taxonomy":"category","embeddable":true,"href":"https:\/\/hostnetart.com.br\/baixada\/wp-json\/wp\/v2\/categories?post=16503"},{"taxonomy":"post_tag","embeddable":true,"href":"https:\/\/hostnetart.com.br\/baixada\/wp-json\/wp\/v2\/tags?post=16503"}],"curies":[{"name":"wp","href":"https:\/\/api.w.org\/{rel}","templated":true}]}}