{"id":16501,"date":"2025-06-16T04:32:37","date_gmt":"2025-06-16T07:32:37","guid":{"rendered":"https:\/\/hostnetart.com.br\/baixada\/negociacoes-avancam-mas-impasse-sobre-regime-hibrido-persiste-no-bndes\/"},"modified":"2025-06-16T04:32:37","modified_gmt":"2025-06-16T07:32:37","slug":"negociacoes-avancam-mas-impasse-sobre-regime-hibrido-persiste-no-bndes","status":"publish","type":"post","link":"https:\/\/hostnetart.com.br\/baixada\/negociacoes-avancam-mas-impasse-sobre-regime-hibrido-persiste-no-bndes\/","title":{"rendered":"Negocia\u00e7\u00f5es avan\u00e7am, mas impasse sobre regime h\u00edbrido persiste no BNDES"},"content":{"rendered":"<\/p>\n<p>A Comiss\u00e3o de Negocia\u00e7\u00e3o dos Empregados do Sistema BNDES \u2014 formada pela Confedera\u00e7\u00e3o Nacional dos Trabalhadores do Ramo Financeiro (Contraf-CUT), sindicatos de banc\u00e1rios e associa\u00e7\u00f5es representativas \u2014 voltou a se reunir com o banco nesta quinta-feira (5) para dar continuidade ao debate sobre a renova\u00e7\u00e3o do Acordo Coletivo de Trabalho espec\u00edfico de Jornada de Trabalho (AJT).<\/p>\n<p>No centro das discuss\u00f5es est\u00e1 a cl\u00e1usula que trata de exce\u00e7\u00f5es no regime h\u00edbrido de trabalho. Atualmente, os empregados do BNDES adotam a escala de tr\u00eas dias presenciais e dois dias de trabalho remoto (modelo 3\u00d72). Por\u00e9m, o banco tem interpretado que, em situa\u00e7\u00f5es excepcionais \u2014 como o acompanhamento de novos concursados rec\u00e9m-contratados \u2014, pode convocar chefes de setor para um regime diferente, como o 4\u00d71 (quatro dias presenciais e um remoto).<\/p>\n<p>O problema apontado pela representa\u00e7\u00e3o dos trabalhadores \u00e9 a falta de clareza na reda\u00e7\u00e3o da cl\u00e1usula vigente, que n\u00e3o define de maneira objetiva o que caracteriza um \u201ccaso excepcional\u201d, nem o prazo limite para esse tipo de convoca\u00e7\u00e3o. Esse ponto de interpreta\u00e7\u00e3o divergente entre as partes \u00e9 hoje o principal impasse da negocia\u00e7\u00e3o.<\/p>\n<p>\u201cEstamos tratando com o banco para dirimir essa diverg\u00eancia de entendimento, buscando uma reda\u00e7\u00e3o que assegure direitos, d\u00ea seguran\u00e7a jur\u00eddica e evite distor\u00e7\u00f5es no uso dessa prerrogativa pelo banco\u201d, explicou Vin\u00edcius Assump\u00e7\u00e3o, vice-presidente da Contraf-CUT e representante da entidade na mesa de negocia\u00e7\u00e3o.<\/p>\n<p>Segundo ele, a expectativa \u00e9 que, ap\u00f3s o ajuste desse e de outros pontos de interpreta\u00e7\u00e3o do acordo, o banco apresente uma proposta formal de renova\u00e7\u00e3o, que ser\u00e1 levada para avalia\u00e7\u00e3o dos empregados em assembleia. \u201cNosso objetivo \u00e9 construir uma proposta equilibrada, que respeite as necessidades do banco, mas tamb\u00e9m garanta previsibilidade e condi\u00e7\u00f5es adequadas de trabalho para os empregados\u201d, completou Assump\u00e7\u00e3o.<\/p>\n<p>O Sistema BNDES \u00e9 composto pelo Banco Nacional de Desenvolvimento Econ\u00f4mico e Social, pela BNDES Participa\u00e7\u00f5es (Bndespar) e pela Ag\u00eancia Especial de Financiamento Industrial (Finame).<\/p>\n<p><strong>Fonte: Contraf-CUT<\/strong><\/p>\n","protected":false},"excerpt":{"rendered":"<p>A Comiss\u00e3o de Negocia\u00e7\u00e3o dos Empregados do Sistema BNDES \u2014 formada pela Confedera\u00e7\u00e3o Nacional dos Trabalhadores do Ramo Financeiro (Contraf-CUT), sindicatos de banc\u00e1rios e associa\u00e7\u00f5es representativas \u2014 voltou a se reunir com o banco nesta quinta-feira (5) para dar continuidade ao debate sobre a renova\u00e7\u00e3o do Acordo Coletivo de Trabalho espec\u00edfico de Jornada de Trabalho [&hellip;]<\/p>\n","protected":false},"author":2,"featured_media":16500,"comment_status":"","ping_status":"","sticky":false,"template":"","format":"standard","meta":{"footnotes":""},"categories":[3],"tags":[],"class_list":["post-16501","post","type-post","status-publish","format-standard","has-post-thumbnail","hentry","category-noticias"],"_links":{"self":[{"href":"https:\/\/hostnetart.com.br\/baixada\/wp-json\/wp\/v2\/posts\/16501","targetHints":{"allow":["GET"]}}],"collection":[{"href":"https:\/\/hostnetart.com.br\/baixada\/wp-json\/wp\/v2\/posts"}],"about":[{"href":"https:\/\/hostnetart.com.br\/baixada\/wp-json\/wp\/v2\/types\/post"}],"author":[{"embeddable":true,"href":"https:\/\/hostnetart.com.br\/baixada\/wp-json\/wp\/v2\/users\/2"}],"replies":[{"embeddable":true,"href":"https:\/\/hostnetart.com.br\/baixada\/wp-json\/wp\/v2\/comments?post=16501"}],"version-history":[{"count":0,"href":"https:\/\/hostnetart.com.br\/baixada\/wp-json\/wp\/v2\/posts\/16501\/revisions"}],"wp:featuredmedia":[{"embeddable":true,"href":"https:\/\/hostnetart.com.br\/baixada\/wp-json\/wp\/v2\/media\/16500"}],"wp:attachment":[{"href":"https:\/\/hostnetart.com.br\/baixada\/wp-json\/wp\/v2\/media?parent=16501"}],"wp:term":[{"taxonomy":"category","embeddable":true,"href":"https:\/\/hostnetart.com.br\/baixada\/wp-json\/wp\/v2\/categories?post=16501"},{"taxonomy":"post_tag","embeddable":true,"href":"https:\/\/hostnetart.com.br\/baixada\/wp-json\/wp\/v2\/tags?post=16501"}],"curies":[{"name":"wp","href":"https:\/\/api.w.org\/{rel}","templated":true}]}}