{"id":16499,"date":"2025-06-16T04:30:28","date_gmt":"2025-06-16T07:30:28","guid":{"rendered":"https:\/\/hostnetart.com.br\/baixada\/inscricoes-abertas-para-o-2-festival-nacional-de-musica-autoral-da-contraf-cut\/"},"modified":"2025-06-16T04:30:28","modified_gmt":"2025-06-16T07:30:28","slug":"inscricoes-abertas-para-o-2-festival-nacional-de-musica-autoral-da-contraf-cut","status":"publish","type":"post","link":"https:\/\/hostnetart.com.br\/baixada\/inscricoes-abertas-para-o-2-festival-nacional-de-musica-autoral-da-contraf-cut\/","title":{"rendered":"Inscri\u00e7\u00f5es abertas para o 2\u00ba Festival Nacional de M\u00fasica Autoral da Contraf-CUT"},"content":{"rendered":"<\/p>\n<p>Come\u00e7ou o per\u00edodo de inscri\u00e7\u00f5es para o 2\u00ba Festival Nacional de M\u00fasica Autoral da Confedera\u00e7\u00e3o Nacional dos Trabalhadores do Ramo Financeiro (Contraf-CUT).\u00a0A iniciativa refor\u00e7a o compromisso da entidade com a valoriza\u00e7\u00e3o da cultura, da arte e da identidade da classe trabalhadora.<\/p>\n<p>O festival \u00e9 aberto a todos os trabalhadores e trabalhadoras do ramo financeiro, de empresas p\u00fablicas ou privadas, atuando em bancos, cooperativas de cr\u00e9dito, <em>fintechs<\/em> ou demais institui\u00e7\u00f5es financeiras.<\/p>\n<h2>Per\u00edodo de Inscri\u00e7\u00e3o<\/h2>\n<p>As inscri\u00e7\u00f5es estar\u00e3o a partir de hoje, 13 de junho, at\u00e9 \u00e0s 23h59 do dia 13 de julho de 2025, e dever\u00e3o ser realizadas exclusivamente por meio de formul\u00e1rio online. Acesse:\u00a0<a href=\"https:\/\/encurtador.com.br\/gzpj2\" target=\"_blank\" rel=\"noopener noreferrer\"><strong>Formul\u00e1rio de inscri\u00e7\u00e3o \u2013 clique aqui<\/strong><\/a><\/p>\n<p>Cada participante <strong>poder\u00e1 inscrever apenas uma m\u00fasica autoral, original e in\u00e9dita,<\/strong> com v\u00eddeo publicado no YouTube. O link do v\u00eddeo dever\u00e1 ser informado no ato da inscri\u00e7\u00e3o.\u00a0<a href=\"https:\/\/encurtador.com.br\/k3GFd\" target=\"_blank\" rel=\"noopener noreferrer\"><strong>Regulamento completo \u2013 clique aqui<\/strong><\/a><\/p>\n<h2>Avalia\u00e7\u00e3o e Final<\/h2>\n<p>As m\u00fasicas inscritas ser\u00e3o avaliadas por uma comiss\u00e3o julgadora formada por representantes da \u00e1rea musical e do movimento sindical, al\u00e9m de passarem por vota\u00e7\u00e3o popular, que <strong>definir\u00e1 as cinco finalistas.<\/strong><\/p>\n<p>A grande final ser\u00e1 transmitida ao vivo pelo <strong>canal TVContraf no YouTube<\/strong>, no dia 06 de agosto de 2025, a partir das 19h30, com exibi\u00e7\u00e3o dos v\u00eddeos finalistas, coment\u00e1rios da curadoria e participa\u00e7\u00e3o ao vivo dos selecionados.<\/p>\n<h2>Premia\u00e7\u00f5es<\/h2>\n<p>Al\u00e9m de fortalecer as express\u00f5es culturais locais, o festival distribuir\u00e1 mais de R$ 18.000,00 em pr\u00eamios, divididos em duas fases:<\/p>\n<p><strong>1\u00aa Fase \u2013 Premia\u00e7\u00e3o Regional<\/strong><\/p>\n<p>Com o objetivo de estimular a participa\u00e7\u00e3o das federa\u00e7\u00f5es ligadas \u00e0 Contraf-CUT, ser\u00e3o concedidos:\u00a0 R$ 500,00 para at\u00e9 15 premiados.<\/p>\n<p><strong>2\u00aa Fase \u2013 Premia\u00e7\u00e3o Nacional<\/strong><\/p>\n<p>Os cinco melhores colocados ser\u00e3o contemplados com os seguintes valores:<\/p>\n<p>1\u00ba lugar: R$ 5.000,00<br \/>2\u00ba lugar: R$ 3.000,00<br \/>3\u00ba lugar: R$ 2.000,00<br \/>4\u00ba lugar: R$ 1.000,00<br \/>5\u00ba lugar: R$ 500,00<\/p>\n<p><strong>\u201cA arte e a m\u00fasica est\u00e3o no centro da resist\u00eancia e da identidade da classe trabalhadora. O sucesso da primeira edi\u00e7\u00e3o nos mostrou a for\u00e7a da m\u00fasica como ferramenta de uni\u00e3o e transforma\u00e7\u00e3o social. Vamos, mais uma vez, mostrar que a arte tamb\u00e9m \u00e9 uma forma de luta\u201d,<\/strong> afirma Carlos Damarindo, Secret\u00e1rio de Cultura da Contraf-CUT.<\/p>\n<p>O 2\u00ba Festival Nacional de M\u00fasica Autoral da Contraf-CUT conta com o patroc\u00ednio da Federa\u00e7\u00e3o Nacional das Associa\u00e7\u00f5es do Pessoal da Caixa Econ\u00f4mica Federal (Fenae).<\/p>\n<p>Participe, compartilhe e ajude a levar a voz dos trabalhadores ainda mais longe. Arte, trabalho e resist\u00eancia caminham juntas!<\/p>\n<p><strong>Fonte: Contraf-CUT<\/strong><\/p>\n","protected":false},"excerpt":{"rendered":"<p>Come\u00e7ou o per\u00edodo de inscri\u00e7\u00f5es para o 2\u00ba Festival Nacional de M\u00fasica Autoral da Confedera\u00e7\u00e3o Nacional dos Trabalhadores do Ramo Financeiro (Contraf-CUT).\u00a0A iniciativa refor\u00e7a o compromisso da entidade com a valoriza\u00e7\u00e3o da cultura, da arte e da identidade da classe trabalhadora. O festival \u00e9 aberto a todos os trabalhadores e trabalhadoras do ramo financeiro, de [&hellip;]<\/p>\n","protected":false},"author":2,"featured_media":16498,"comment_status":"","ping_status":"","sticky":false,"template":"","format":"standard","meta":{"footnotes":""},"categories":[3],"tags":[],"class_list":["post-16499","post","type-post","status-publish","format-standard","has-post-thumbnail","hentry","category-noticias"],"_links":{"self":[{"href":"https:\/\/hostnetart.com.br\/baixada\/wp-json\/wp\/v2\/posts\/16499","targetHints":{"allow":["GET"]}}],"collection":[{"href":"https:\/\/hostnetart.com.br\/baixada\/wp-json\/wp\/v2\/posts"}],"about":[{"href":"https:\/\/hostnetart.com.br\/baixada\/wp-json\/wp\/v2\/types\/post"}],"author":[{"embeddable":true,"href":"https:\/\/hostnetart.com.br\/baixada\/wp-json\/wp\/v2\/users\/2"}],"replies":[{"embeddable":true,"href":"https:\/\/hostnetart.com.br\/baixada\/wp-json\/wp\/v2\/comments?post=16499"}],"version-history":[{"count":0,"href":"https:\/\/hostnetart.com.br\/baixada\/wp-json\/wp\/v2\/posts\/16499\/revisions"}],"wp:featuredmedia":[{"embeddable":true,"href":"https:\/\/hostnetart.com.br\/baixada\/wp-json\/wp\/v2\/media\/16498"}],"wp:attachment":[{"href":"https:\/\/hostnetart.com.br\/baixada\/wp-json\/wp\/v2\/media?parent=16499"}],"wp:term":[{"taxonomy":"category","embeddable":true,"href":"https:\/\/hostnetart.com.br\/baixada\/wp-json\/wp\/v2\/categories?post=16499"},{"taxonomy":"post_tag","embeddable":true,"href":"https:\/\/hostnetart.com.br\/baixada\/wp-json\/wp\/v2\/tags?post=16499"}],"curies":[{"name":"wp","href":"https:\/\/api.w.org\/{rel}","templated":true}]}}