{"id":16497,"date":"2025-06-13T10:07:09","date_gmt":"2025-06-13T13:07:09","guid":{"rendered":"https:\/\/hostnetart.com.br\/baixada\/contraf-cut-fenaban-e-ceert-avancam-nos-debates-para-o-4-censo-da-diversidade\/"},"modified":"2025-06-13T10:07:09","modified_gmt":"2025-06-13T13:07:09","slug":"contraf-cut-fenaban-e-ceert-avancam-nos-debates-para-o-4-censo-da-diversidade","status":"publish","type":"post","link":"https:\/\/hostnetart.com.br\/baixada\/contraf-cut-fenaban-e-ceert-avancam-nos-debates-para-o-4-censo-da-diversidade\/","title":{"rendered":"Contraf-CUT, Fenaban e Ceert avan\u00e7am nos debates para o 4\u00ba Censo da Diversidade"},"content":{"rendered":"<p>O Grupo de Trabalho (GT) formado por representantes do movimento sindical banc\u00e1rio, dos bancos e do Centro de Estudos das Rela\u00e7\u00f5es de Trabalho e Desigualdades (Ceert) se reuniu nesta quinta-feira (12), na sede da Confedera\u00e7\u00e3o Nacional dos Trabalhadores e das Trabalhadoras do Ramo Financeiro (Contraf-CUT), para definir os crit\u00e9rios do 4\u00ba Censo da Diversidade.<\/p>\n<p><strong>&#8220;Est\u00e1 foi a segunda vez que o GT se reuniu. <a href=\"https:\/\/contrafcut.com.br\/noticias\/trabalhadores-e-bancos-se-reunem-para-discutir-criterios-do-4-censo-da-diversidade\/\" target=\"_blank\" rel=\"noopener noreferrer\">O encontro anterior foi muito produtivo<\/a>, permitindo que hoje fosse poss\u00edvel avan\u00e7ar nos ajustes desse instrumento necess\u00e1rio para conhecer o perfil da categoria e que conquistamos nas negocia\u00e7\u00f5es da Conven\u00e7\u00e3o Coletiva de Trabalho (CCT) com os bancos&#8221;<\/strong>, explica Almir Aguiar, o secret\u00e1rio de Combate ao Racismo da Contraf-CUT, que coordenou a mesa representando os trabalhadores.<\/p>\n<p>O dirigente completou que esta fase de debate dos crit\u00e9rios e formato do question\u00e1rio \u00e9 fundamental para garantir um perfil estat\u00edstico seguro da categoria. <strong>\u201cSer\u00e3o abordadas quest\u00f5es, por exemplo, que v\u00e3o nos ajudar a verificar a diferen\u00e7a salarial entre homens e mulheres; negros e brancos e, com base nisso, analisar se houve evolu\u00e7\u00e3o na redu\u00e7\u00e3o das desigualdades, em rela\u00e7\u00e3o aos censos anteriores e como promover a\u00e7\u00f5es para alcan\u00e7ar a igualdade salarial entre todos os trabalhadores do setor&#8221;<\/strong>, exemplificou Almir.<\/p>\n<p>O cronograma aprovado no encontro anterior est\u00e1 mantido:<\/p>\n<p><strong>&#8211; Agosto: <\/strong>Ceert apresentar\u00e1 o teste para o 4\u00ba Censo da Diversidade ao movimento sindical e \u00e0 Fenaban;<br \/><strong>&#8211; Setembro <\/strong>(terceira semana): In\u00edcio da divulga\u00e7\u00e3o do censo;<br \/><strong>&#8211; Fevereiro de 2026: <\/strong>Divulga\u00e7\u00e3o dos resultados.<\/p>\n<p>Al\u00e9m de Almir Aguiar, participaram representando os trabalhadores no GT Fernanda Lopes (Secret\u00e1ria da Mulher da Contraf-CUT); Bianca Garbelini (Secret\u00e1ria da Juventude da Contraf-CUT) e Francisco Pugliesi (Dirigente-executivo da SRSS do Sindicato dos Banc\u00e1rios e Financi\u00e1rios de S\u00e3o Paulo, Osasco e Regi\u00e3o).<\/p>\n<p><b>Fonte: Contraf-CUT<\/b><\/p>\n","protected":false},"excerpt":{"rendered":"<p>O Grupo de Trabalho (GT) formado por representantes do movimento sindical banc\u00e1rio, dos bancos e do Centro de Estudos das Rela\u00e7\u00f5es de Trabalho e Desigualdades (Ceert) se reuniu nesta quinta-feira (12), na sede da Confedera\u00e7\u00e3o Nacional dos Trabalhadores e das Trabalhadoras do Ramo Financeiro (Contraf-CUT), para definir os crit\u00e9rios do 4\u00ba Censo da Diversidade. &#8220;Est\u00e1 [&hellip;]<\/p>\n","protected":false},"author":2,"featured_media":16496,"comment_status":"","ping_status":"","sticky":false,"template":"","format":"standard","meta":{"footnotes":""},"categories":[3],"tags":[],"class_list":["post-16497","post","type-post","status-publish","format-standard","has-post-thumbnail","hentry","category-noticias"],"_links":{"self":[{"href":"https:\/\/hostnetart.com.br\/baixada\/wp-json\/wp\/v2\/posts\/16497","targetHints":{"allow":["GET"]}}],"collection":[{"href":"https:\/\/hostnetart.com.br\/baixada\/wp-json\/wp\/v2\/posts"}],"about":[{"href":"https:\/\/hostnetart.com.br\/baixada\/wp-json\/wp\/v2\/types\/post"}],"author":[{"embeddable":true,"href":"https:\/\/hostnetart.com.br\/baixada\/wp-json\/wp\/v2\/users\/2"}],"replies":[{"embeddable":true,"href":"https:\/\/hostnetart.com.br\/baixada\/wp-json\/wp\/v2\/comments?post=16497"}],"version-history":[{"count":0,"href":"https:\/\/hostnetart.com.br\/baixada\/wp-json\/wp\/v2\/posts\/16497\/revisions"}],"wp:featuredmedia":[{"embeddable":true,"href":"https:\/\/hostnetart.com.br\/baixada\/wp-json\/wp\/v2\/media\/16496"}],"wp:attachment":[{"href":"https:\/\/hostnetart.com.br\/baixada\/wp-json\/wp\/v2\/media?parent=16497"}],"wp:term":[{"taxonomy":"category","embeddable":true,"href":"https:\/\/hostnetart.com.br\/baixada\/wp-json\/wp\/v2\/categories?post=16497"},{"taxonomy":"post_tag","embeddable":true,"href":"https:\/\/hostnetart.com.br\/baixada\/wp-json\/wp\/v2\/tags?post=16497"}],"curies":[{"name":"wp","href":"https:\/\/api.w.org\/{rel}","templated":true}]}}