{"id":16491,"date":"2025-06-12T12:00:48","date_gmt":"2025-06-12T15:00:48","guid":{"rendered":"https:\/\/hostnetart.com.br\/baixada\/contraf-cut-lanca-o-2-festival-nacional-de-musica-autoral\/"},"modified":"2025-06-12T12:00:48","modified_gmt":"2025-06-12T15:00:48","slug":"contraf-cut-lanca-o-2-festival-nacional-de-musica-autoral","status":"publish","type":"post","link":"https:\/\/hostnetart.com.br\/baixada\/contraf-cut-lanca-o-2-festival-nacional-de-musica-autoral\/","title":{"rendered":"Contraf-CUT lan\u00e7a o 2\u00ba Festival Nacional de M\u00fasica Autoral"},"content":{"rendered":"<p>\u00a0<\/p>\n<p>A Secretaria de Cultura da Confedera\u00e7\u00e3o Nacional dos Trabalhadores do Ramo Financeiro (Contraf-CUT) acaba de lan\u00e7ar o <strong>2<\/strong><strong>\u00baFestival Nacional de M\u00fasica Autoral da Contraf<\/strong>, reafirmando o compromisso com a valoriza\u00e7\u00e3o da cultura e da produ\u00e7\u00e3o art\u00edstica dos trabalhadores e trabalhadoras do Ramo Financeiro.<\/p>\n<p><strong>Destinado a trabalhadores e trabalhadoras filiados \u00e0s entidades sindicais da base da Contraf-CUT<\/strong>, o festival \u00e9 um espa\u00e7o para reconhecer e dar visibilidade nacional \u00e0 produ\u00e7\u00e3o musical autoral da categoria.<\/p>\n<p>Al\u00e9m de fortalecer as express\u00f5es culturais locais, <strong>o festival distribuir\u00e1 mais de R$ 18.000,00 em pr\u00eamios<\/strong>, incluindo premia\u00e7\u00f5es regionais, e oferecer\u00e1 aos finalistas a oportunidade de se apresentarem ao vivo na grande final, marcada para o dia 06 de agosto de 2025.<\/p>\n<p><strong>&#8220;Este festival \u00e9 mais do que uma premia\u00e7\u00e3o musical. \u00c9 um ato pol\u00edtico e cultural que refor\u00e7a o papel do sindicato como defensor n\u00e3o s\u00f3 dos direitos trabalhistas, mas tamb\u00e9m da identidade, da arte e da hist\u00f3ria dos trabalhadores. A m\u00fasica \u00e9 uma ferramenta de resist\u00eancia e transforma\u00e7\u00e3o social, e a classe trabalhadora tem muito a dizer atrav\u00e9s dela&#8221;<\/strong>, afirma Carlos Damarindo, Secret\u00e1rio de Cultura da Contraf-CUT.<\/p>\n<p>A edi\u00e7\u00e3o de 2024 foi um marco na hist\u00f3ria cultural da entidade, reunindo dezenas de composi\u00e7\u00f5es autorais de trabalhadores de diversas regi\u00f5es do pa\u00eds para mostrar o quanto a arte pulsa nas ag\u00eancias, nos centros administrativos e nos cora\u00e7\u00f5es da categoria. \u201cO sucesso do primeiro festival impulsionou a constru\u00e7\u00e3o de uma segunda edi\u00e7\u00e3o ainda mais abrangente e estruturada\u201d, completa Damarindo.<\/p>\n<h2>Fique de olho<\/h2>\n<p>As inscri\u00e7\u00f5es come\u00e7am nesta sexta-feira (13) e seguem at\u00e9 13 de julho, <strong>por meio de formul\u00e1rio online que ser\u00e1 divulgado nos pr\u00f3ximos dias, no site e nas redes sociais da Contraf-CUT.<\/strong><\/p>\n<p><a href=\"https:\/\/contrafcut.com.br\/data\/files\/64\/E5\/DC\/ED\/FB0679102B86EF69820808A8\/Regulamento%20-%202%20Festival%20Nacional%20de%20Musica%20Autoral%20CONTRAF%20CUT%202025%20revisado.pdf\" target=\"_blank\" rel=\"noopener noreferrer\"><strong>Clique aqui para ler o regulamento na \u00edntegra.<\/strong><\/a><\/p>\n<p><strong>Cada participante poder\u00e1 inscrever uma m\u00fasica autoral e original<\/strong>, que ser\u00e1 avaliada por uma comiss\u00e3o julgadora formada por representantes da \u00e1rea musical e sindical.<\/p>\n<p>A iniciativa, que conta com patroc\u00ednio da Federa\u00e7\u00e3o Nacional das Associa\u00e7\u00f5es do Pessoal da Caixa Econ\u00f4mica Federal (FENAE), faz parte das a\u00e7\u00f5es da Contraf-CUT para promover a cultura como direito dos trabalhadores, estimular o engajamento social e fortalecer os v\u00ednculos identit\u00e1rios da classe trabalhadora por meio da arte.<\/p>\n<p><strong>\u201cEsta \u00e9 uma oportunidade \u00fanica para mostrar talento, celebrar as ra\u00edzes culturais e ocupar com arte e orgulho o espa\u00e7o que pertence aos trabalhadores e trabalhadoras\u201d<\/strong>, refor\u00e7a o secret\u00e1rio de Cultura da Contraf-CUT.<\/p>\n<p><strong>Fonte: Contraf-CUT<\/strong><\/p>\n","protected":false},"excerpt":{"rendered":"<p>\u00a0 A Secretaria de Cultura da Confedera\u00e7\u00e3o Nacional dos Trabalhadores do Ramo Financeiro (Contraf-CUT) acaba de lan\u00e7ar o 2\u00baFestival Nacional de M\u00fasica Autoral da Contraf, reafirmando o compromisso com a valoriza\u00e7\u00e3o da cultura e da produ\u00e7\u00e3o art\u00edstica dos trabalhadores e trabalhadoras do Ramo Financeiro. Destinado a trabalhadores e trabalhadoras filiados \u00e0s entidades sindicais da base [&hellip;]<\/p>\n","protected":false},"author":2,"featured_media":16490,"comment_status":"","ping_status":"","sticky":false,"template":"","format":"standard","meta":{"footnotes":""},"categories":[3],"tags":[],"class_list":["post-16491","post","type-post","status-publish","format-standard","has-post-thumbnail","hentry","category-noticias"],"_links":{"self":[{"href":"https:\/\/hostnetart.com.br\/baixada\/wp-json\/wp\/v2\/posts\/16491","targetHints":{"allow":["GET"]}}],"collection":[{"href":"https:\/\/hostnetart.com.br\/baixada\/wp-json\/wp\/v2\/posts"}],"about":[{"href":"https:\/\/hostnetart.com.br\/baixada\/wp-json\/wp\/v2\/types\/post"}],"author":[{"embeddable":true,"href":"https:\/\/hostnetart.com.br\/baixada\/wp-json\/wp\/v2\/users\/2"}],"replies":[{"embeddable":true,"href":"https:\/\/hostnetart.com.br\/baixada\/wp-json\/wp\/v2\/comments?post=16491"}],"version-history":[{"count":0,"href":"https:\/\/hostnetart.com.br\/baixada\/wp-json\/wp\/v2\/posts\/16491\/revisions"}],"wp:featuredmedia":[{"embeddable":true,"href":"https:\/\/hostnetart.com.br\/baixada\/wp-json\/wp\/v2\/media\/16490"}],"wp:attachment":[{"href":"https:\/\/hostnetart.com.br\/baixada\/wp-json\/wp\/v2\/media?parent=16491"}],"wp:term":[{"taxonomy":"category","embeddable":true,"href":"https:\/\/hostnetart.com.br\/baixada\/wp-json\/wp\/v2\/categories?post=16491"},{"taxonomy":"post_tag","embeddable":true,"href":"https:\/\/hostnetart.com.br\/baixada\/wp-json\/wp\/v2\/tags?post=16491"}],"curies":[{"name":"wp","href":"https:\/\/api.w.org\/{rel}","templated":true}]}}