{"id":16487,"date":"2025-06-11T17:16:05","date_gmt":"2025-06-11T20:16:05","guid":{"rendered":"https:\/\/hostnetart.com.br\/baixada\/sindicalistas-das-americas-e-da-espanha-denunciam-ataques-do-santander-aos-direitos-dos-bancarios-e-as-representacoes-sindicais\/"},"modified":"2025-06-11T17:16:05","modified_gmt":"2025-06-11T20:16:05","slug":"sindicalistas-das-americas-e-da-espanha-denunciam-ataques-do-santander-aos-direitos-dos-bancarios-e-as-representacoes-sindicais","status":"publish","type":"post","link":"https:\/\/hostnetart.com.br\/baixada\/sindicalistas-das-americas-e-da-espanha-denunciam-ataques-do-santander-aos-direitos-dos-bancarios-e-as-representacoes-sindicais\/","title":{"rendered":"Sindicalistas das Am\u00e9ricas e da Espanha denunciam ataques do Santander aos direitos dos banc\u00e1rios e \u00e0s representa\u00e7\u00f5es sindicais"},"content":{"rendered":"<p>Dirigentes sindicais de diversos pa\u00edses da Am\u00e9rica Latina e da Espanha participaram, nesta ter\u00e7a-feira (10), de uma reuni\u00e3o emergencial da Rede Sindical Internacional do Banco Santander, realizada em Buenos Aires, para debater as a\u00e7\u00f5es em defesa do emprego banc\u00e1rio e das condi\u00e7\u00f5es dignas de trabalho em todo o continente.<\/p>\n<p>No encontro, foram relatadas as problem\u00e1ticas enfrentadas pelos trabalhadores e suas representa\u00e7\u00f5es sindicais diante dos ataques sistem\u00e1ticos da dire\u00e7\u00e3o global do banco, que incluem demiss\u00f5es, terceiriza\u00e7\u00f5es, precariza\u00e7\u00e3o das condi\u00e7\u00f5es de trabalho e enfraquecimento da representa\u00e7\u00e3o sindical. Esse cen\u00e1rio vem sendo observado em pa\u00edses como Argentina, Uruguai, Chile, Peru, Brasil e tamb\u00e9m na Espanha, sede da matriz do grupo.<\/p>\n<p>Nos relatos dos pa\u00edses presentes, ficou evidente a pr\u00e1tica do Santander de promover a chamada \u201cmigra\u00e7\u00e3o\u201d de trabalhadores banc\u00e1rios \u2014 cobertos por conven\u00e7\u00f5es coletivas e representados por sindicatos \u2014 para outras empresas do conglomerado. Esse processo retira esses trabalhadores da prote\u00e7\u00e3o das normas coletivas e das entidades sindicais da categoria banc\u00e1ria, resultando em perda de direitos, precariza\u00e7\u00e3o e fragmenta\u00e7\u00e3o da categoria banc\u00e1ria.<\/p>\n<p>Outro ponto de destaque foi a constata\u00e7\u00e3o de que as mulheres t\u00eam sido as principais v\u00edtimas das demiss\u00f5es promovidas pelo banco em toda a regi\u00e3o, revelando um vi\u00e9s discriminat\u00f3rio nas dispensas, mesmo diante dos lucros bilion\u00e1rios registrados pela institui\u00e7\u00e3o.<\/p>\n<p>A declara\u00e7\u00e3o oficial divulgada pela Rede denuncia que tais pr\u00e1ticas n\u00e3o s\u00e3o casos isolados, mas fazem parte de uma pol\u00edtica global articulada pelo Santander para impor nas Am\u00e9ricas um modelo regressivo de rela\u00e7\u00f5es de trabalho. O objetivo \u00e9 elevar ainda mais seus lucros \u00e0 custa da sa\u00fade, seguran\u00e7a, dignidade e direitos dos trabalhadores e trabalhadoras do banco.<\/p>\n<p>\u201cEstamos aqui em solidariedade aos colegas da Argentina e em luta conjunta para exigir do Santander o respeito \u00e0 negocia\u00e7\u00e3o coletiva, o fim das demiss\u00f5es injustificadas e o compromisso com condi\u00e7\u00f5es de trabalho dignas em todos os pa\u00edses\u201d, afirma a coordenadora da Comiss\u00e3o de Organiza\u00e7\u00e3o de Empregados (COE Santander), Wanessa Queiroz.<\/p>\n<h2>Jornada Internacional de Luta ser\u00e1 no dia 26 de junho<\/h2>\n<p>Como parte da resposta sindical articulada, a Rede Sindical Internacional convocou uma Jornada Internacional de Luta para o dia 26 de junho, com mobiliza\u00e7\u00f5es nos diversos pa\u00edses onde o Santander atua. A a\u00e7\u00e3o visa denunciar e resistir coletivamente \u00e0s demiss\u00f5es, terceiriza\u00e7\u00f5es, precariza\u00e7\u00e3o laboral e persegui\u00e7\u00f5es sindicais promovidas pela dire\u00e7\u00e3o do banco.<\/p>\n<p><strong>Fonte: Contraf-CUT<\/strong><\/p>\n","protected":false},"excerpt":{"rendered":"<p>Dirigentes sindicais de diversos pa\u00edses da Am\u00e9rica Latina e da Espanha participaram, nesta ter\u00e7a-feira (10), de uma reuni\u00e3o emergencial da Rede Sindical Internacional do Banco Santander, realizada em Buenos Aires, para debater as a\u00e7\u00f5es em defesa do emprego banc\u00e1rio e das condi\u00e7\u00f5es dignas de trabalho em todo o continente. No encontro, foram relatadas as problem\u00e1ticas [&hellip;]<\/p>\n","protected":false},"author":2,"featured_media":16486,"comment_status":"","ping_status":"","sticky":false,"template":"","format":"standard","meta":{"footnotes":""},"categories":[3],"tags":[],"class_list":["post-16487","post","type-post","status-publish","format-standard","has-post-thumbnail","hentry","category-noticias"],"_links":{"self":[{"href":"https:\/\/hostnetart.com.br\/baixada\/wp-json\/wp\/v2\/posts\/16487","targetHints":{"allow":["GET"]}}],"collection":[{"href":"https:\/\/hostnetart.com.br\/baixada\/wp-json\/wp\/v2\/posts"}],"about":[{"href":"https:\/\/hostnetart.com.br\/baixada\/wp-json\/wp\/v2\/types\/post"}],"author":[{"embeddable":true,"href":"https:\/\/hostnetart.com.br\/baixada\/wp-json\/wp\/v2\/users\/2"}],"replies":[{"embeddable":true,"href":"https:\/\/hostnetart.com.br\/baixada\/wp-json\/wp\/v2\/comments?post=16487"}],"version-history":[{"count":0,"href":"https:\/\/hostnetart.com.br\/baixada\/wp-json\/wp\/v2\/posts\/16487\/revisions"}],"wp:featuredmedia":[{"embeddable":true,"href":"https:\/\/hostnetart.com.br\/baixada\/wp-json\/wp\/v2\/media\/16486"}],"wp:attachment":[{"href":"https:\/\/hostnetart.com.br\/baixada\/wp-json\/wp\/v2\/media?parent=16487"}],"wp:term":[{"taxonomy":"category","embeddable":true,"href":"https:\/\/hostnetart.com.br\/baixada\/wp-json\/wp\/v2\/categories?post=16487"},{"taxonomy":"post_tag","embeddable":true,"href":"https:\/\/hostnetart.com.br\/baixada\/wp-json\/wp\/v2\/tags?post=16487"}],"curies":[{"name":"wp","href":"https:\/\/api.w.org\/{rel}","templated":true}]}}