{"id":16485,"date":"2025-06-11T15:22:08","date_gmt":"2025-06-11T18:22:08","guid":{"rendered":"https:\/\/hostnetart.com.br\/baixada\/banco-do-brasil-abre-canal-para-tratar-casos-excepcionais-de-compensacao-de-horas-negativas-da-covid-19\/"},"modified":"2025-06-11T15:22:08","modified_gmt":"2025-06-11T18:22:08","slug":"banco-do-brasil-abre-canal-para-tratar-casos-excepcionais-de-compensacao-de-horas-negativas-da-covid-19","status":"publish","type":"post","link":"https:\/\/hostnetart.com.br\/baixada\/banco-do-brasil-abre-canal-para-tratar-casos-excepcionais-de-compensacao-de-horas-negativas-da-covid-19\/","title":{"rendered":"Banco do Brasil abre canal para tratar casos excepcionais de compensa\u00e7\u00e3o de horas negativas da Covid-19"},"content":{"rendered":"<p>Ap\u00f3s cobran\u00e7a da Comiss\u00e3o de Empresa das Funcion\u00e1rias e dos Funcion\u00e1rios do Banco do Brasil (CEBB), o Banco do Brasil concordou em adotar medidas espec\u00edficas para atender casos excepcionais de empregados com saldo de horas negativas acumuladas durante a pandemia de Covid-19. As demandas ser\u00e3o recebidas pelo canal da Gepes Atendimento.<\/p>\n<p>A decis\u00e3o busca resolver pend\u00eancias de um processo que se arrasta desde o in\u00edcio da vig\u00eancia do acordo emergencial firmado em julho de 2020, quando mais de 25 mil banc\u00e1rias e banc\u00e1rios acumulavam saldo negativo de horas a compensar. Atualmente, esse n\u00famero caiu para menos de 10% do total inicial, resultado do esfor\u00e7o coletivo das trabalhadoras, trabalhadores e da representa\u00e7\u00e3o sindical para cumprir a compensa\u00e7\u00e3o estabelecida.<\/p>\n<p>\u00c9 importante lembrar que, no acordo firmado no ano passado, foi conquistada a anistia total das horas negativas acumuladas por funcion\u00e1rias e funcion\u00e1rios pertencentes aos grupos de risco da Covid-19, garantindo justi\u00e7a social para quem esteve impossibilitado de exercer atividades presenciais no per\u00edodo mais cr\u00edtico da pandemia.<\/p>\n<p>Para os casos em aberto, o Banco do Brasil informou que o d\u00e9bito de horas ser\u00e1 descontado na folha de pagamento de julho, com vencimento em 20\/07. Trabalhadoras e trabalhadores que tiverem saldo superior a 40 horas poder\u00e3o solicitar adiantamento salarial para facilitar a quita\u00e7\u00e3o do d\u00e9bito.<\/p>\n<p>Os casos excepcionais poder\u00e3o ser tratados diretamente pelo canal da Gepes Atendimento, dispon\u00edvel pelos telefones:<\/p>\n<p>4003-5291 (Capitais e Regi\u00f5es Metropolitanas)<\/p>\n<p>0800 881 5291 (Demais localidades)<\/p>\n<p>A CEBB orienta que todas as banc\u00e1rias e banc\u00e1rios que tiverem d\u00favidas ou encontrarem dificuldades no processo tamb\u00e9m procurem seus sindicatos de base, que est\u00e3o \u00e0 disposi\u00e7\u00e3o para prestar orienta\u00e7\u00e3o e apoio. \u201cA solu\u00e7\u00e3o negociada garante mais tranquilidade para quem ainda possui saldo negativo expressivo, especialmente para os cerca de 440 colegas com mais de 40 horas a compensar. \u00c9 fruto da insist\u00eancia da representa\u00e7\u00e3o das funcion\u00e1rias e dos funcion\u00e1rios em buscar alternativas justas para todos os casos\u201d, destaca Fernanda Lopes, coordenadora da Comiss\u00e3o.<\/p>\n<p><strong>Fonte: Contraf-CUT<\/strong><\/p>\n","protected":false},"excerpt":{"rendered":"<p>Ap\u00f3s cobran\u00e7a da Comiss\u00e3o de Empresa das Funcion\u00e1rias e dos Funcion\u00e1rios do Banco do Brasil (CEBB), o Banco do Brasil concordou em adotar medidas espec\u00edficas para atender casos excepcionais de empregados com saldo de horas negativas acumuladas durante a pandemia de Covid-19. As demandas ser\u00e3o recebidas pelo canal da Gepes Atendimento. A decis\u00e3o busca resolver [&hellip;]<\/p>\n","protected":false},"author":2,"featured_media":16484,"comment_status":"","ping_status":"","sticky":false,"template":"","format":"standard","meta":{"footnotes":""},"categories":[3],"tags":[],"class_list":["post-16485","post","type-post","status-publish","format-standard","has-post-thumbnail","hentry","category-noticias"],"_links":{"self":[{"href":"https:\/\/hostnetart.com.br\/baixada\/wp-json\/wp\/v2\/posts\/16485","targetHints":{"allow":["GET"]}}],"collection":[{"href":"https:\/\/hostnetart.com.br\/baixada\/wp-json\/wp\/v2\/posts"}],"about":[{"href":"https:\/\/hostnetart.com.br\/baixada\/wp-json\/wp\/v2\/types\/post"}],"author":[{"embeddable":true,"href":"https:\/\/hostnetart.com.br\/baixada\/wp-json\/wp\/v2\/users\/2"}],"replies":[{"embeddable":true,"href":"https:\/\/hostnetart.com.br\/baixada\/wp-json\/wp\/v2\/comments?post=16485"}],"version-history":[{"count":0,"href":"https:\/\/hostnetart.com.br\/baixada\/wp-json\/wp\/v2\/posts\/16485\/revisions"}],"wp:featuredmedia":[{"embeddable":true,"href":"https:\/\/hostnetart.com.br\/baixada\/wp-json\/wp\/v2\/media\/16484"}],"wp:attachment":[{"href":"https:\/\/hostnetart.com.br\/baixada\/wp-json\/wp\/v2\/media?parent=16485"}],"wp:term":[{"taxonomy":"category","embeddable":true,"href":"https:\/\/hostnetart.com.br\/baixada\/wp-json\/wp\/v2\/categories?post=16485"},{"taxonomy":"post_tag","embeddable":true,"href":"https:\/\/hostnetart.com.br\/baixada\/wp-json\/wp\/v2\/tags?post=16485"}],"curies":[{"name":"wp","href":"https:\/\/api.w.org\/{rel}","templated":true}]}}