{"id":16483,"date":"2025-06-11T14:14:55","date_gmt":"2025-06-11T17:14:55","guid":{"rendered":"https:\/\/hostnetart.com.br\/baixada\/financiarios-tem-reajuste-salarial-de-5-52-a-partir-de-junho\/"},"modified":"2025-06-11T14:14:55","modified_gmt":"2025-06-11T17:14:55","slug":"financiarios-tem-reajuste-salarial-de-5-52-a-partir-de-junho","status":"publish","type":"post","link":"https:\/\/hostnetart.com.br\/baixada\/financiarios-tem-reajuste-salarial-de-5-52-a-partir-de-junho\/","title":{"rendered":"Financi\u00e1rios t\u00eam reajuste salarial de 5,52% a partir de junho"},"content":{"rendered":"<p>Os financi\u00e1rios v\u00e3o receber um reajuste salarial de 5,52%, retroativo a 1\u00ba de junho de 2025. O aumento \u00e9 resultado da varia\u00e7\u00e3o do \u00cdndice Nacional de Pre\u00e7os ao Consumidor (INPC\/IBGE) nos \u00faltimos 12 meses, que ficou em 5,20%, somada a 0,3% de aumento real, conquista garantida na Conven\u00e7\u00e3o Coletiva de Trabalho (CCT 2024-2026), v\u00e1lida por dois anos.<\/p>\n<p>\u201cO reajuste salarial e das verbas adicionais \u00e9 um tema de extrema import\u00e2ncia para os trabalhadores, pois busca corrigir os sal\u00e1rios de acordo com a infla\u00e7\u00e3o e, sempre que poss\u00edvel, garantir um aumento real, que vai al\u00e9m da simples reposi\u00e7\u00e3o, preservando o poder de compra\u201d, afirmou a secret\u00e1ria de Organiza\u00e7\u00e3o do Ramo Financeiro, Magaly Fagundes.<\/p>\n<p>Al\u00e9m dos sal\u00e1rios, diversas verbas foram reajustadas, como pisos salariais, gratifica\u00e7\u00f5es, aux\u00edlios e Participa\u00e7\u00e3o nos Lucros e Resultados (PLR). Confira alguns exemplos atualizados:<\/p>\n<ul>\n<li>Piso de Escrit\u00f3rio: R$ 3.226,97<\/li>\n<li>Piso de Caixa e Tesoureiro: R$ 3.407,86<\/li>\n<li>Gratifica\u00e7\u00e3o de Caixa: R$ 789,68<\/li>\n<li>Adicional por Tempo de Servi\u00e7o: R$ 45,90 por ano<\/li>\n<li>Aux\u00edlio-Refei\u00e7\u00e3o (unit\u00e1rio): R$ 53,83 \u2014 valor mensal estimado em R$ 1.184,26 (considerando 22 dias \u00fateis)<\/li>\n<li>Aux\u00edlio-Alimenta\u00e7\u00e3o (mensal): R$ 858,30<\/li>\n<li>Aux\u00edlio-Creche\/Bab\u00e1: R$ 565,90<\/li>\n<li>Aux\u00edlio-Funeral: R$ 1.837,84<\/li>\n<li>PLR (parcela adicional fixa): R$ 800,34<\/li>\n<li>Antecipa\u00e7\u00e3o da PLR: R$ 2.401,05<\/li>\n<\/ul>\n<p>A secret\u00e1ria ressaltou que esta \u00e9 mais uma vit\u00f3ria do acordo negociado pelos sindicatos. \u201cA CCT de dois anos foi um grande acerto. Ela assegurou dois aumentos reais para os trabalhadores de uma vez s\u00f3, garantindo um ajuste adequado \u00e0s condi\u00e7\u00f5es econ\u00f4micas do pa\u00eds\u201d.<\/p>\n<h2><span style=\"text-decoration: underline;\">Mudan\u00e7a na data-base<\/span><\/h2>\n<p>A Campanha Nacional de 2024 tamb\u00e9m definiu uma altera\u00e7\u00e3o importante: a partir deste ano, a data-base da categoria passa a ser em outubro, e n\u00e3o mais em junho. Por isso, em 1\u00ba de outubro de 2025, os sal\u00e1rios praticados em 30 de setembro de 2025 ser\u00e3o reajustados novamente, com base no INPC\/IBGE acumulado de junho a setembro de 2025, acrescido de 0,3% de aumento real, conforme previsto na nova reda\u00e7\u00e3o da Conven\u00e7\u00e3o Coletiva.<\/p>\n<p><strong>Fonte: Contraf-CUT<\/strong><\/p>\n<p>\u00a0<\/p>\n","protected":false},"excerpt":{"rendered":"<p>Os financi\u00e1rios v\u00e3o receber um reajuste salarial de 5,52%, retroativo a 1\u00ba de junho de 2025. O aumento \u00e9 resultado da varia\u00e7\u00e3o do \u00cdndice Nacional de Pre\u00e7os ao Consumidor (INPC\/IBGE) nos \u00faltimos 12 meses, que ficou em 5,20%, somada a 0,3% de aumento real, conquista garantida na Conven\u00e7\u00e3o Coletiva de Trabalho (CCT 2024-2026), v\u00e1lida por [&hellip;]<\/p>\n","protected":false},"author":2,"featured_media":16482,"comment_status":"","ping_status":"","sticky":false,"template":"","format":"standard","meta":{"footnotes":""},"categories":[3],"tags":[],"class_list":["post-16483","post","type-post","status-publish","format-standard","has-post-thumbnail","hentry","category-noticias"],"_links":{"self":[{"href":"https:\/\/hostnetart.com.br\/baixada\/wp-json\/wp\/v2\/posts\/16483","targetHints":{"allow":["GET"]}}],"collection":[{"href":"https:\/\/hostnetart.com.br\/baixada\/wp-json\/wp\/v2\/posts"}],"about":[{"href":"https:\/\/hostnetart.com.br\/baixada\/wp-json\/wp\/v2\/types\/post"}],"author":[{"embeddable":true,"href":"https:\/\/hostnetart.com.br\/baixada\/wp-json\/wp\/v2\/users\/2"}],"replies":[{"embeddable":true,"href":"https:\/\/hostnetart.com.br\/baixada\/wp-json\/wp\/v2\/comments?post=16483"}],"version-history":[{"count":0,"href":"https:\/\/hostnetart.com.br\/baixada\/wp-json\/wp\/v2\/posts\/16483\/revisions"}],"wp:featuredmedia":[{"embeddable":true,"href":"https:\/\/hostnetart.com.br\/baixada\/wp-json\/wp\/v2\/media\/16482"}],"wp:attachment":[{"href":"https:\/\/hostnetart.com.br\/baixada\/wp-json\/wp\/v2\/media?parent=16483"}],"wp:term":[{"taxonomy":"category","embeddable":true,"href":"https:\/\/hostnetart.com.br\/baixada\/wp-json\/wp\/v2\/categories?post=16483"},{"taxonomy":"post_tag","embeddable":true,"href":"https:\/\/hostnetart.com.br\/baixada\/wp-json\/wp\/v2\/tags?post=16483"}],"curies":[{"name":"wp","href":"https:\/\/api.w.org\/{rel}","templated":true}]}}