{"id":16471,"date":"2025-06-09T13:05:01","date_gmt":"2025-06-09T16:05:01","guid":{"rendered":"https:\/\/hostnetart.com.br\/baixada\/aposentados-do-itau-intensificam-mobilizacao-por-plano-de-saude-acessivel\/"},"modified":"2025-06-09T13:05:01","modified_gmt":"2025-06-09T16:05:01","slug":"aposentados-do-itau-intensificam-mobilizacao-por-plano-de-saude-acessivel","status":"publish","type":"post","link":"https:\/\/hostnetart.com.br\/baixada\/aposentados-do-itau-intensificam-mobilizacao-por-plano-de-saude-acessivel\/","title":{"rendered":"Aposentados do Ita\u00fa intensificam mobiliza\u00e7\u00e3o por plano de sa\u00fade acess\u00edvel"},"content":{"rendered":"<p>A luta dos aposentados do Ita\u00fa por um plano de sa\u00fade justo e acess\u00edvel segue ganhando for\u00e7a em diversas frentes. Com o apoio do movimento sindical, est\u00e3o programadas duas Audi\u00eancias P\u00fablicas para debater o tema: a primeira acontece no dia 16 de junho, na Assembleia Legislativa do Rio de Janeiro (Alerj), a pedido da deputada estadual Lilian Bering (PCdoB-RJ); a segunda est\u00e1 marcada para o dia 23 de junho, na Assembleia Legislativa de S\u00e3o Paulo (Alesp), com organiza\u00e7\u00e3o do mandato do deputado estadual Luiz Claudio Marcolino (PT-SP) \u2014 banc\u00e1rio licenciado do Ita\u00fa e ex-presidente do Sindicato dos Banc\u00e1rios de S\u00e3o Paulo, atualmente vice-presidente da Comiss\u00e3o de Finan\u00e7as, Or\u00e7amento e Planejamento da Alesp.<\/p>\n<p>A mobiliza\u00e7\u00e3o se intensificou ap\u00f3s o banco extinguir o per\u00edodo de manuten\u00e7\u00e3o da contribui\u00e7\u00e3o patronal ao plano de sa\u00fade dos aposentados \u2014 um direito que era garantido anteriormente pela Conven\u00e7\u00e3o Coletiva de Trabalho (CCT). Sem o subs\u00eddio, os ex-funcion\u00e1rios foram obrigados a migrar para planos individuais com mensalidades consideradas proibitivas: R$ 2.135,71 por pessoa, o que representa um custo de quase R$ 4.271,42 para um casal, mesmo no plano mais b\u00e1sico, com acomoda\u00e7\u00e3o em enfermaria.<\/p>\n<p>Entre as principais reivindica\u00e7\u00f5es do grupo est\u00e3o a cria\u00e7\u00e3o de uma faixa de plano espec\u00edfica para aposentados e a suspens\u00e3o dos reajustes das mensalidades enquanto durarem as negocia\u00e7\u00f5es.<\/p>\n<p>Apesar de diversas tentativas de di\u00e1logo, o banco tem adotado uma postura intransigente. Desde outubro de 2023, o tema vem sendo tratado em um processo de media\u00e7\u00e3o conduzido pelo Minist\u00e9rio P\u00fablico do Trabalho (MPT). No entanto, nenhuma proposta concreta foi apresentada pelo Ita\u00fa at\u00e9 agora.<\/p>\n<p>No dia 19 de fevereiro de 2025, uma audi\u00eancia de media\u00e7\u00e3o no MPT do Rio de Janeiro terminou sem avan\u00e7os. Antes da reuni\u00e3o, aposentados e sindicalistas realizaram um ato de protesto em frente \u00e0 sede do MPT, na Rua Santa Luzia, exigindo respeito e solu\u00e7\u00f5es imediatas.<\/p>\n<p>Em 11 de mar\u00e7o, uma nova audi\u00eancia foi realizada no MPT de S\u00e3o Paulo. Na ocasi\u00e3o, a Contraf-CUT e o Sindicato dos Banc\u00e1rios de S\u00e3o Paulo refor\u00e7aram as demandas e apresentaram o hist\u00f3rico de negocia\u00e7\u00f5es. Mais uma vez, o banco recusou-se a apresentar uma proposta, o que levou o procurador respons\u00e1vel a encerrar a media\u00e7\u00e3o e encaminhar nova den\u00fancia contra o Ita\u00fa ao Minist\u00e9rio P\u00fablico. Ele tamb\u00e9m sugeriu que o movimento sindical passe a integrar a a\u00e7\u00e3o coletiva j\u00e1 em curso na Justi\u00e7a do Trabalho, em Bras\u00edlia.<\/p>\n<h2>MPT: panorama dos procedimentos administrativos<\/h2>\n<p>A den\u00fancia dos aposentados foi formalmente acolhida pelo Minist\u00e9rio P\u00fablico do Trabalho, originando dois procedimentos administrativos: Procedimento de Media\u00e7\u00e3o n\u00ba 009321.2024.02.000\/8.<\/p>\n<p>A den\u00fancia original, feita por um grupo de aposentados, apontava para a pr\u00e1tica de valores abusivos por parte do banco, com o objetivo de for\u00e7ar a sa\u00edda dos benefici\u00e1rios do plano.<\/p>\n<p>Em 19 de novembro de 2024, o Sindicato dos Banc\u00e1rios ingressou no processo a convite do MPT, assumindo a media\u00e7\u00e3o. Em audi\u00eancia realizada em 03 de dezembro 2024, foi acordado que o sindicato seguiria com a mesa de negocia\u00e7\u00f5es com o banco e suas funda\u00e7\u00f5es, com prazo at\u00e9 09 de mar\u00e7o de 2025 para apresentar avan\u00e7os ou solicitar nova audi\u00eancia.<\/p>\n<p>Em 19 de fevereiro de 2025, o sindicato solicitou nova audi\u00eancia, realizada em 11\/03\/2025, mas, novamente, sem avan\u00e7os.<\/p>\n<p>Diante do impasse, o MPT arquivou o procedimento de media\u00e7\u00e3o em 14 de mar\u00e7o de 2025 e abriu uma nova not\u00edcia de fato (002744.2025.02.000\/0) com o mesmo objeto.<\/p>\n<h2>Not\u00edcia de Fato n\u00ba 009318.2024.02.000\/0<\/h2>\n<p>Paralelamente, outra den\u00fancia similar foi protocolada, mas arquivada de imediato pelo procurador respons\u00e1vel, sem audi\u00eancia ou oitiva das partes. O grupo de aposentados, sem consultar o sindicato, recorreu ao Conselho Nacional do Minist\u00e9rio P\u00fablico Federal. O sindicato, por sua vez, se habilitou no processo e defendeu a instaura\u00e7\u00e3o de um inqu\u00e9rito civil para investigar a conduta do banco. Em 06 de maio de 2025, o arquivamento foi homologado pela CCR, encerrando o processo.<\/p>\n<h2>Mobiliza\u00e7\u00e3o continua<\/h2>\n<p>Para Jair Alves, diretor da Contraf-CUT, \u00e9 essencial manter a mobiliza\u00e7\u00e3o ativa e forte. \u201cAs Audi\u00eancias P\u00fablicas agendadas ser\u00e3o importantes para fortalecer a visibilidade dessa luta e ampliar a press\u00e3o sobre o banco, as operadoras de plano de sa\u00fade, os hospitais e a ANS (Ag\u00eancia Nacional de Sa\u00fade Suplementar), respons\u00e1vel pela regula\u00e7\u00e3o dos conv\u00eanios m\u00e9dicos no Brasil. A presen\u00e7a dos aposentados, sindicatos, parlamentares e da sociedade civil ser\u00e1 fundamental para conquistar uma solu\u00e7\u00e3o justa.\u201d<\/p>\n<p><strong>Fonte: Contraf-CUT<\/strong><\/p>\n","protected":false},"excerpt":{"rendered":"<p>A luta dos aposentados do Ita\u00fa por um plano de sa\u00fade justo e acess\u00edvel segue ganhando for\u00e7a em diversas frentes. Com o apoio do movimento sindical, est\u00e3o programadas duas Audi\u00eancias P\u00fablicas para debater o tema: a primeira acontece no dia 16 de junho, na Assembleia Legislativa do Rio de Janeiro (Alerj), a pedido da deputada [&hellip;]<\/p>\n","protected":false},"author":2,"featured_media":16470,"comment_status":"","ping_status":"","sticky":false,"template":"","format":"standard","meta":{"footnotes":""},"categories":[3],"tags":[],"class_list":["post-16471","post","type-post","status-publish","format-standard","has-post-thumbnail","hentry","category-noticias"],"_links":{"self":[{"href":"https:\/\/hostnetart.com.br\/baixada\/wp-json\/wp\/v2\/posts\/16471","targetHints":{"allow":["GET"]}}],"collection":[{"href":"https:\/\/hostnetart.com.br\/baixada\/wp-json\/wp\/v2\/posts"}],"about":[{"href":"https:\/\/hostnetart.com.br\/baixada\/wp-json\/wp\/v2\/types\/post"}],"author":[{"embeddable":true,"href":"https:\/\/hostnetart.com.br\/baixada\/wp-json\/wp\/v2\/users\/2"}],"replies":[{"embeddable":true,"href":"https:\/\/hostnetart.com.br\/baixada\/wp-json\/wp\/v2\/comments?post=16471"}],"version-history":[{"count":0,"href":"https:\/\/hostnetart.com.br\/baixada\/wp-json\/wp\/v2\/posts\/16471\/revisions"}],"wp:featuredmedia":[{"embeddable":true,"href":"https:\/\/hostnetart.com.br\/baixada\/wp-json\/wp\/v2\/media\/16470"}],"wp:attachment":[{"href":"https:\/\/hostnetart.com.br\/baixada\/wp-json\/wp\/v2\/media?parent=16471"}],"wp:term":[{"taxonomy":"category","embeddable":true,"href":"https:\/\/hostnetart.com.br\/baixada\/wp-json\/wp\/v2\/categories?post=16471"},{"taxonomy":"post_tag","embeddable":true,"href":"https:\/\/hostnetart.com.br\/baixada\/wp-json\/wp\/v2\/tags?post=16471"}],"curies":[{"name":"wp","href":"https:\/\/api.w.org\/{rel}","templated":true}]}}