{"id":1647,"date":"2013-10-24T00:00:00","date_gmt":"2013-10-24T02:00:00","guid":{"rendered":"https:\/\/hostnetart.com.br\/baixada\/maioria-dos-bancarios-do-banrisul-decide-pela-continuidade-da-greve\/"},"modified":"2013-10-24T00:00:00","modified_gmt":"2013-10-24T02:00:00","slug":"maioria-dos-bancarios-do-banrisul-decide-pela-continuidade-da-greve","status":"publish","type":"post","link":"https:\/\/hostnetart.com.br\/baixada\/maioria-dos-bancarios-do-banrisul-decide-pela-continuidade-da-greve\/","title":{"rendered":"Maioria dos banc\u00e1rios do Banrisul decide pela continuidade da greve"},"content":{"rendered":"<p>A greve dos funcion\u00e1rios do Banrisul, que completa 35 dias nesta quarta-feira (23), continua nas bases territoriais de 21 sindicatos filiados \u00e0 Fetrafi-RS, al\u00e9m de unidades em Santa Catarina. Na rodada de negocia\u00e7\u00e3o ocorrida na \u00faltima segunda-feira (21), a dire\u00e7\u00e3o do banco apresentou uma nova proposta aos trabalhadores.<\/p>\n<p>\u00a0<\/p>\n<p>J\u00e1 na ter\u00e7a-feira (22), ap\u00f3s reuni\u00e3o de avalia\u00e7\u00e3o, na sede da Fetrafi-RS, em Porto Alegre, o Comando dos Banrisulenses entregou of\u00edcio aos negociadores do Banrisul salientando que a proposta apresentada era insuficiente. No documento, o Comando elencou quest\u00f5es cruciais a serem negociadas para o encerramento da greve, mas o Banrisul se limitou a mudar apenas os crit\u00e9rios de compensa\u00e7\u00e3o dos dias parados, propondo a regra da Fenaban, mas estendendo o prazo at\u00e9 31 de dezembro.<\/p>\n<p>\u00a0<\/p>\n<p>Os sindicatos filiados \u00e0 Federa\u00e7\u00e3o fizeram assembleias espec\u00edficas dos banrisulenses no fim da tarde de ter\u00e7a-feira e na manh\u00e3 desta quarta-feira, sendo que a maioria rejeitou a proposta do banco e manteve a greve, at\u00e9 que haja avan\u00e7os significativos nas negocia\u00e7\u00f5es.<\/p>\n<p>\u00a0<\/p>\n<p>A assembleia de Porto Alegre, realizada na ter\u00e7a-feira, no sal\u00e3o da Igreja da Pompeia, rejeitou por unanimidade a proposta do Banrisul. Ap\u00f3s a reuni\u00e3o, os grevistas sa\u00edram em caminhada pelas ruas do centro da Capital, at\u00e9 a Dire\u00e7\u00e3o-Geral (DG) do banco, na Rua Caldas J\u00fanior. O objetivo da manifesta\u00e7\u00e3o foi dizer \u00e0 dire\u00e7\u00e3o do Banrisul que a proposta foi insuficiente e que a greve ir\u00e1 continuar.<\/p>\n<p>\u00a0<\/p>\n<p>\u00a0<\/p>\n<p><strong>Assembleias<\/strong><\/p>\n<p>\u00a0<\/p>\n<p>Veja as bases sindicais que rejeitaram a proposta do Banrisul nas assembleias, de acordo com as informa\u00e7\u00f5es repassadas pelos sindicatos filiados \u00e0 Fetrafi-RS:<\/p>\n<p>\u00a0<\/p>\n<p>&#8211;\u00a0<strong>RS<\/strong>: Camaqu\u00e3; Caxias do Sul; Erechim; Guapor\u00e9; Horizontina; Iju\u00ed; Litoral Norte; Novo Hamburgo; Passo Fundo; Pelotas; Porto Alegre; Rio Grande; Santa Maria; Santana do Livramento; Santiago; Santo \u00c2ngelo; S\u00e3o Leopoldo; Uruguaiana; Vacaria; Vale do Ca\u00ed e Vale do Paranhana;<\/p>\n<p>\u00a0<\/p>\n<p>&#8211;\u00a0<strong>SC<\/strong>: Florian\u00f3polis; Blumenau; Conc\u00f3rdia; Balne\u00e1rio Cambori\u00fa; Joinville; Ca\u00e7ador; e Chapec\u00f3.<\/p>\n<p>\u00a0<\/p>\n<p>Fonte: Contraf-CUT com Fetrafi-RS<\/p>\n","protected":false},"excerpt":{"rendered":"<p>A greve dos funcion\u00e1rios do Banrisul, que completa 35 dias nesta quarta-feira (23), continua nas bases territoriais de 21 sindicatos filiados \u00e0 Fetrafi-RS, al\u00e9m de unidades em Santa Catarina. Na rodada de negocia\u00e7\u00e3o ocorrida na \u00faltima segunda-feira (21), a dire\u00e7\u00e3o do banco apresentou uma nova proposta aos trabalhadores. \u00a0 J\u00e1 na ter\u00e7a-feira (22), ap\u00f3s reuni\u00e3o [&hellip;]<\/p>\n","protected":false},"author":1,"featured_media":0,"comment_status":"","ping_status":"","sticky":false,"template":"","format":"standard","meta":{"footnotes":""},"categories":[3],"tags":[],"class_list":["post-1647","post","type-post","status-publish","format-standard","hentry","category-noticias"],"_links":{"self":[{"href":"https:\/\/hostnetart.com.br\/baixada\/wp-json\/wp\/v2\/posts\/1647","targetHints":{"allow":["GET"]}}],"collection":[{"href":"https:\/\/hostnetart.com.br\/baixada\/wp-json\/wp\/v2\/posts"}],"about":[{"href":"https:\/\/hostnetart.com.br\/baixada\/wp-json\/wp\/v2\/types\/post"}],"author":[{"embeddable":true,"href":"https:\/\/hostnetart.com.br\/baixada\/wp-json\/wp\/v2\/users\/1"}],"replies":[{"embeddable":true,"href":"https:\/\/hostnetart.com.br\/baixada\/wp-json\/wp\/v2\/comments?post=1647"}],"version-history":[{"count":0,"href":"https:\/\/hostnetart.com.br\/baixada\/wp-json\/wp\/v2\/posts\/1647\/revisions"}],"wp:attachment":[{"href":"https:\/\/hostnetart.com.br\/baixada\/wp-json\/wp\/v2\/media?parent=1647"}],"wp:term":[{"taxonomy":"category","embeddable":true,"href":"https:\/\/hostnetart.com.br\/baixada\/wp-json\/wp\/v2\/categories?post=1647"},{"taxonomy":"post_tag","embeddable":true,"href":"https:\/\/hostnetart.com.br\/baixada\/wp-json\/wp\/v2\/tags?post=1647"}],"curies":[{"name":"wp","href":"https:\/\/api.w.org\/{rel}","templated":true}]}}