{"id":16469,"date":"2025-06-06T15:49:47","date_gmt":"2025-06-06T18:49:47","guid":{"rendered":"https:\/\/hostnetart.com.br\/baixada\/vem-ai-a-festa-junina-dos-bancarios\/"},"modified":"2025-06-06T15:49:47","modified_gmt":"2025-06-06T18:49:47","slug":"vem-ai-a-festa-junina-dos-bancarios","status":"publish","type":"post","link":"https:\/\/hostnetart.com.br\/baixada\/vem-ai-a-festa-junina-dos-bancarios\/","title":{"rendered":"Vem a\u00ed a Festa Junina dos Banc\u00e1rios"},"content":{"rendered":"<\/p>\n<p class=\"s18\"><span class=\"s15\"><span class=\"bumpedFont17\">O Sindicato dos Banc\u00e1rios da Baixada Fluminense convida todas <\/span><\/span><span class=\"s15\"><span class=\"bumpedFont17\">as banc\u00e1rias e banc\u00e1rios para sua Festa<\/span><\/span><span class=\"s15\"><span class=\"bumpedFont17\"> Junina <\/span><\/span><span class=\"s15\"><span class=\"bumpedFont17\">2025, que ir\u00e1 ocorrer em nossa <\/span><\/span><span class=\"s15\"><span class=\"bumpedFont17\">Sub-Sede<\/span><\/span><span class=\"s15\"><span class=\"bumpedFont17\"> de Nova Igua\u00e7u, no dia 27 de junho, a partir das 17 horas.<\/span><\/span><\/p>\n<p class=\"s18\"><span class=\"s15\"><span class=\"bumpedFont17\">A convidada especial \u00e9 a Cantora Micarla!<\/span><\/span><\/p>\n<p class=\"s18\"><span class=\"s15\"><span class=\"bumpedFont17\">Teremos muita anima\u00e7\u00e3o, m\u00fasic<\/span><\/span><span class=\"s15\"><span class=\"bumpedFont17\">a ao vivo<\/span><\/span><span class=\"s15\"><span class=\"bumpedFont17\">, al\u00e9m de comidas t\u00edpicas liberadas<\/span><\/span><span class=\"s15\"><span class=\"bumpedFont17\">! Bebidas \u00e0 parte. <\/span><\/span><\/p>\n<p class=\"s18\"><span class=\"s15\"><span class=\"bumpedFont17\">Esperamos voc\u00eas para mais <\/span><\/span><span class=\"s15\"><span class=\"bumpedFont17\">um evento e confraterniza\u00e7\u00e3o promovida pelo Sindicato<\/span><\/span><span class=\"s15\"><span class=\"bumpedFont17\">.<\/span><\/span><\/p>\n","protected":false},"excerpt":{"rendered":"<p>O Sindicato dos Banc\u00e1rios da Baixada Fluminense convida todas as banc\u00e1rias e banc\u00e1rios para sua Festa Junina 2025, que ir\u00e1 ocorrer em nossa Sub-Sede de Nova Igua\u00e7u, no dia 27 de junho, a partir das 17 horas. A convidada especial \u00e9 a Cantora Micarla! Teremos muita anima\u00e7\u00e3o, m\u00fasica ao vivo, al\u00e9m de comidas t\u00edpicas liberadas! [&hellip;]<\/p>\n","protected":false},"author":2,"featured_media":16468,"comment_status":"","ping_status":"","sticky":false,"template":"","format":"standard","meta":{"footnotes":""},"categories":[3],"tags":[],"class_list":["post-16469","post","type-post","status-publish","format-standard","has-post-thumbnail","hentry","category-noticias"],"_links":{"self":[{"href":"https:\/\/hostnetart.com.br\/baixada\/wp-json\/wp\/v2\/posts\/16469","targetHints":{"allow":["GET"]}}],"collection":[{"href":"https:\/\/hostnetart.com.br\/baixada\/wp-json\/wp\/v2\/posts"}],"about":[{"href":"https:\/\/hostnetart.com.br\/baixada\/wp-json\/wp\/v2\/types\/post"}],"author":[{"embeddable":true,"href":"https:\/\/hostnetart.com.br\/baixada\/wp-json\/wp\/v2\/users\/2"}],"replies":[{"embeddable":true,"href":"https:\/\/hostnetart.com.br\/baixada\/wp-json\/wp\/v2\/comments?post=16469"}],"version-history":[{"count":0,"href":"https:\/\/hostnetart.com.br\/baixada\/wp-json\/wp\/v2\/posts\/16469\/revisions"}],"wp:featuredmedia":[{"embeddable":true,"href":"https:\/\/hostnetart.com.br\/baixada\/wp-json\/wp\/v2\/media\/16468"}],"wp:attachment":[{"href":"https:\/\/hostnetart.com.br\/baixada\/wp-json\/wp\/v2\/media?parent=16469"}],"wp:term":[{"taxonomy":"category","embeddable":true,"href":"https:\/\/hostnetart.com.br\/baixada\/wp-json\/wp\/v2\/categories?post=16469"},{"taxonomy":"post_tag","embeddable":true,"href":"https:\/\/hostnetart.com.br\/baixada\/wp-json\/wp\/v2\/tags?post=16469"}],"curies":[{"name":"wp","href":"https:\/\/api.w.org\/{rel}","templated":true}]}}