{"id":16463,"date":"2025-06-06T12:17:09","date_gmt":"2025-06-06T15:17:09","guid":{"rendered":"https:\/\/hostnetart.com.br\/baixada\/comissao-de-negociacao-se-reune-com-o-bndes-para-avancar-na-renovacao-do-ajt\/"},"modified":"2025-06-06T12:17:09","modified_gmt":"2025-06-06T15:17:09","slug":"comissao-de-negociacao-se-reune-com-o-bndes-para-avancar-na-renovacao-do-ajt","status":"publish","type":"post","link":"https:\/\/hostnetart.com.br\/baixada\/comissao-de-negociacao-se-reune-com-o-bndes-para-avancar-na-renovacao-do-ajt\/","title":{"rendered":"Comiss\u00e3o de Negocia\u00e7\u00e3o se re\u00fane com o BNDES para avan\u00e7ar na renova\u00e7\u00e3o do AJT"},"content":{"rendered":"<p>A Comiss\u00e3o de Negocia\u00e7\u00e3o dos empregados do Sistema BNDES \u2014 formada pela Contraf-CUT, sindicatos de banc\u00e1rios e associa\u00e7\u00f5es representativas \u2014 se reuniu com representantes do banco nesta quinta-feira (5) para dar continuidade \u00e0s negocia\u00e7\u00f5es para a renova\u00e7\u00e3o do Acordo Coletivo de Trabalho espec\u00edfico de Jornada de Trabalho (AJT).<\/p>\n<p>Durante o encontro, foram debatidos pontos importantes do ACT vigente, com destaque para as cl\u00e1usulas que tratam do regime de trabalho remoto (home office), um dos temas centrais desta rodada. A expectativa \u00e9 que o banco apresente sua proposta formal na pr\u00f3xima semana.<\/p>\n<p>O Sistema BNDES \u00e9 composto pelo Banco Nacional de Desenvolvimento Econ\u00f4mico e Social, pela BNDESPAR (empresa de fomento a investimentos imobili\u00e1rios e participa\u00e7\u00f5es) e pela Finame (voltada ao financiamento da produ\u00e7\u00e3o e comercializa\u00e7\u00e3o de m\u00e1quinas e equipamentos).<\/p>\n<p>Segundo Vin\u00edcius Assump\u00e7\u00e3o, vice-presidente da Contraf-CUT e representante da entidade na mesa de negocia\u00e7\u00e3o, a bancada dos trabalhadores apresentou suas pondera\u00e7\u00f5es com responsabilidade e aguarda uma proposta que atenda \u00e0s necessidades dos empregados.<\/p>\n<p>\u201cReafirmamos nosso compromisso com o di\u00e1logo qualificado e respons\u00e1vel. Esperamos a proposta do banco para a pr\u00f3xima semana e que assim possamos levar para avalia\u00e7\u00e3o do corpo funcional\u201d, afirmou Assump\u00e7\u00e3o.<\/p>\n<p><strong>Fonte: Contraf-CUT<\/strong><\/p>\n","protected":false},"excerpt":{"rendered":"<p>A Comiss\u00e3o de Negocia\u00e7\u00e3o dos empregados do Sistema BNDES \u2014 formada pela Contraf-CUT, sindicatos de banc\u00e1rios e associa\u00e7\u00f5es representativas \u2014 se reuniu com representantes do banco nesta quinta-feira (5) para dar continuidade \u00e0s negocia\u00e7\u00f5es para a renova\u00e7\u00e3o do Acordo Coletivo de Trabalho espec\u00edfico de Jornada de Trabalho (AJT). Durante o encontro, foram debatidos pontos importantes [&hellip;]<\/p>\n","protected":false},"author":2,"featured_media":16462,"comment_status":"","ping_status":"","sticky":false,"template":"","format":"standard","meta":{"footnotes":""},"categories":[3],"tags":[],"class_list":["post-16463","post","type-post","status-publish","format-standard","has-post-thumbnail","hentry","category-noticias"],"_links":{"self":[{"href":"https:\/\/hostnetart.com.br\/baixada\/wp-json\/wp\/v2\/posts\/16463","targetHints":{"allow":["GET"]}}],"collection":[{"href":"https:\/\/hostnetart.com.br\/baixada\/wp-json\/wp\/v2\/posts"}],"about":[{"href":"https:\/\/hostnetart.com.br\/baixada\/wp-json\/wp\/v2\/types\/post"}],"author":[{"embeddable":true,"href":"https:\/\/hostnetart.com.br\/baixada\/wp-json\/wp\/v2\/users\/2"}],"replies":[{"embeddable":true,"href":"https:\/\/hostnetart.com.br\/baixada\/wp-json\/wp\/v2\/comments?post=16463"}],"version-history":[{"count":0,"href":"https:\/\/hostnetart.com.br\/baixada\/wp-json\/wp\/v2\/posts\/16463\/revisions"}],"wp:featuredmedia":[{"embeddable":true,"href":"https:\/\/hostnetart.com.br\/baixada\/wp-json\/wp\/v2\/media\/16462"}],"wp:attachment":[{"href":"https:\/\/hostnetart.com.br\/baixada\/wp-json\/wp\/v2\/media?parent=16463"}],"wp:term":[{"taxonomy":"category","embeddable":true,"href":"https:\/\/hostnetart.com.br\/baixada\/wp-json\/wp\/v2\/categories?post=16463"},{"taxonomy":"post_tag","embeddable":true,"href":"https:\/\/hostnetart.com.br\/baixada\/wp-json\/wp\/v2\/tags?post=16463"}],"curies":[{"name":"wp","href":"https:\/\/api.w.org\/{rel}","templated":true}]}}