{"id":16461,"date":"2025-06-05T16:15:06","date_gmt":"2025-06-05T19:15:06","guid":{"rendered":"https:\/\/hostnetart.com.br\/baixada\/dia-mundial-do-meio-ambiente-um-chamado-urgente-a-acao-coletiva-pelo-planeta\/"},"modified":"2025-06-05T16:15:06","modified_gmt":"2025-06-05T19:15:06","slug":"dia-mundial-do-meio-ambiente-um-chamado-urgente-a-acao-coletiva-pelo-planeta","status":"publish","type":"post","link":"https:\/\/hostnetart.com.br\/baixada\/dia-mundial-do-meio-ambiente-um-chamado-urgente-a-acao-coletiva-pelo-planeta\/","title":{"rendered":"Dia Mundial do Meio Ambiente: um chamado urgente \u00e0 a\u00e7\u00e3o coletiva pelo planeta"},"content":{"rendered":"<\/p>\n<p>Institu\u00eddo pela Organiza\u00e7\u00e3o das Na\u00e7\u00f5es Unidas (ONU) em 1972, o Dia Mundial do Meio Ambiente, celebrado em 5 de junho, \u00e9 mais do que uma data simb\u00f3lica: \u00e9 um convite global \u00e0 reflex\u00e3o e \u00e0 a\u00e7\u00e3o. Em 2025, o tema escolhido pela ONU \u00e9 \u201cNossa terra. Nosso futuro. N\u00f3s somos #Gera\u00e7\u00e3oRestaura\u00e7\u00e3o\u201d, destacando a urg\u00eancia de restaurar ecossistemas e combater as mudan\u00e7as clim\u00e1ticas e a perda da biodiversidade.<\/p>\n<p>A crise ambiental que enfrentamos \u2014 marcada por desmatamento, polui\u00e7\u00e3o, degrada\u00e7\u00e3o do solo, escassez de \u00e1gua e eventos clim\u00e1ticos extremos \u2014 exige respostas concretas de governos, empresas e da sociedade civil. No entanto, a transforma\u00e7\u00e3o necess\u00e1ria depende, sobretudo, da mobiliza\u00e7\u00e3o coletiva.<\/p>\n<h2>Por que essa data \u00e9 importante?<\/h2>\n<p>O Dia Mundial do Meio Ambiente surgiu durante a Confer\u00eancia de Estocolmo, marco da consci\u00eancia ambiental internacional. Desde ent\u00e3o, tornou-se o principal momento de engajamento da ONU em prol do meio ambiente, mobilizando mais de 150 pa\u00edses todos os anos em campanhas de conscientiza\u00e7\u00e3o e a\u00e7\u00f5es pr\u00e1ticas.<\/p>\n<h2>O desafio da restaura\u00e7\u00e3o<\/h2>\n<p>Segundo a ONU, restaurar ecossistemas degradados \u00e9 uma das estrat\u00e9gias mais eficazes para combater a pobreza, aumentar a resili\u00eancia clim\u00e1tica e proteger a biodiversidade. Isso pode ser feito por meio do reflorestamento, da recupera\u00e7\u00e3o de \u00e1reas urbanas verdes, da prote\u00e7\u00e3o de nascentes e da promo\u00e7\u00e3o de pr\u00e1ticas agr\u00edcolas sustent\u00e1veis.<\/p>\n<h2>O papel de cada um<\/h2>\n<p>Cada pessoa pode contribuir para um mundo mais equilibrado. Pequenas atitudes cotidianas \u2014 como economizar \u00e1gua e energia, separar o lixo corretamente, reduzir o consumo de pl\u00e1stico e valorizar produtos sustent\u00e1veis \u2014 fazem diferen\u00e7a. Empresas tamb\u00e9m t\u00eam papel essencial, adotando pol\u00edticas de responsabilidade ambiental e promovendo uma economia de baixo carbono.<\/p>\n<h2>Brasil: riqueza e responsabilidade<\/h2>\n<p>O Brasil, que abriga a maior parte da Floresta Amaz\u00f4nica e uma das maiores biodiversidades do planeta, ocupa uma posi\u00e7\u00e3o estrat\u00e9gica na luta ambiental. Proteger nossas florestas, rios e biomas \u00e9 n\u00e3o s\u00f3 um dever ecol\u00f3gico, mas tamb\u00e9m uma forma de preservar culturas tradicionais, garantir seguran\u00e7a h\u00eddrica e manter nossa economia em funcionamento.<\/p>\n<h2>O futuro \u00e9 agora<\/h2>\n<p>O planeta enfrenta um ponto de inflex\u00e3o. N\u00e3o h\u00e1 mais tempo para discursos vazios ou promessas adiadas. O Dia Mundial do Meio Ambiente deve ser um marco de engajamento verdadeiro, em que cada gesto individual se soma a a\u00e7\u00f5es coletivas, pressionando por mudan\u00e7as estruturais e pol\u00edticas p\u00fablicas eficazes.<\/p>\n<p>Como nos lembra o tema deste ano: \u201cN\u00f3s somos gera\u00e7\u00e3o restaura\u00e7\u00e3o\u201d. Que essa gera\u00e7\u00e3o seja, de fato, a que vira o jogo em favor da vida.<\/p>\n<p>Para Elaine Cutis, secret\u00e1ria de Pol\u00edticas Sociais da Contraf-CUT, o enfrentamento da crise ambiental tamb\u00e9m passa pelas rela\u00e7\u00f5es de trabalho e pela atua\u00e7\u00e3o sindical. \u201cN\u00e3o existe justi\u00e7a ambiental sem justi\u00e7a social. O movimento sindical tem um papel estrat\u00e9gico na defesa de um modelo de desenvolvimento que respeite os limites do planeta e garanta dignidade para os trabalhadores. No Dia Mundial do Meio Ambiente, reafirmamos nosso compromisso com a sustentabilidade, com a transi\u00e7\u00e3o ecol\u00f3gica justa e com a constru\u00e7\u00e3o de uma sociedade que coloque a vida \u2014 humana e ambiental \u2014 acima do lucro.\u201d<\/p>\n<h2>Protestar \u00e9 preciso<\/h2>\n<p>O Dia Mundial do Meio Ambiente, celebrado em 5 de junho, foi lembrado por Rosalina Amorim, secret\u00e1ria do Meio Ambiente da CUT, como um momento estrat\u00e9gico para mobiliza\u00e7\u00e3o social para pressionar a C\u00e2mara dos Deputados, onde o projeto se encontra agora para aprova\u00e7\u00e3o. \u201cN\u00e3o \u00e9 um dia para comemorar, mas para denunciar esse projeto, que pode representar o maior retrocesso ambiental das \u00faltimas d\u00e9cadas. O pa\u00eds n\u00e3o pode aprovar um texto que desestrutura a prote\u00e7\u00e3o ambiental justamente quando o mundo estar\u00e1 olhando para o Brasil na COP30\u201d, afirma.<\/p>\n<p>Em meio \u00e0 emerg\u00eancia clim\u00e1tica e aos compromissos internacionais do Brasil, especialistas e organiza\u00e7\u00f5es ambientais alertam: a urg\u00eancia por efici\u00eancia no licenciamento n\u00e3o pode comprometer os fundamentos da prote\u00e7\u00e3o ambiental, sob risco de comprometer n\u00e3o s\u00f3 o meio ambiente, mas tamb\u00e9m a seguran\u00e7a jur\u00eddica, a estabilidade institucional e os direitos fundamentais da popula\u00e7\u00e3o brasileira.<\/p>\n<p>Para barrar o avan\u00e7o do projeto, Rosalina defende ampla mobiliza\u00e7\u00e3o da sociedade. \u201cPrecisamos pressionar o Congresso e abrir um debate p\u00fablico qualificado. A luta popular \u00e9 a \u00fanica alternativa real para impedir que esse projeto siga como est\u00e1. Somente com mobiliza\u00e7\u00e3o conseguiremos sensibilizar os parlamentares\u201d, afirma.<\/p>\n<h2>Protestos j\u00e1 come\u00e7am a ganhar corpo<\/h2>\n<p>No \u00faltimo dia 1\u00ba de junho, as cidades de Manaus, Bel\u00e9m, Santar\u00e9m, Jo\u00e3o Pessoa, Salvador, Macei\u00f3, Aracaj\u00fa, Teresina, S\u00e3o Paulo, Rio de Janeiro e Belo Horizonte, entre outras, realizaram protestos contra a proposta. \u201cFoi um dia nacional de luta. Estamos em di\u00e1logo com organiza\u00e7\u00f5es e movimentos sociais para ampliar essa mobiliza\u00e7\u00e3o e incluir novas datas de protesto\u201d, diz<\/p>\n<p>Rosalina defende a continuidade da mobiliza\u00e7\u00e3o. \u201cS\u00f3 com press\u00e3o popular conseguiremos barrar esse projeto ou alterar seu conte\u00fado. A sociedade precisa estar atenta, pois os danos afetam a todos.\u201d<\/p>\n<p>Para ela, \u201co Dia Mundial do Meio Ambiente deve ser usado para fortalecer a luta em defesa do planeta. \u00c9 preciso levar essa pauta a todos os espa\u00e7os \u2014 no trabalho, na comunidade, onde for poss\u00edvel \u2014 para construir uma sociedade mais consciente e comprometida com a prote\u00e7\u00e3o ambiental\u201d.<\/p>\n<p>Elaine Cutis, secret\u00e1ria de Pol\u00edticas Sociais da Contraf-CUT, completa. \u201cO futuro n\u00e3o \u00e9 apenas um destino \u2014 \u00e9 algo que constru\u00edmos hoje, com consci\u00eancia e a\u00e7\u00e3o coletiva. Participar da Marcha do Clima e de outras iniciativas voltadas \u00e0 pauta ambiental \u00e9 levantar a voz por um mundo mais justo, por ar puro, por florestas preservadas e por um amanh\u00e3 onde todas as vidas sejam respeitadas. Cada passo dado nas ruas representa um avan\u00e7o concreto em dire\u00e7\u00e3o \u00e0 mudan\u00e7a que queremos ver. O clima n\u00e3o \u00e9 s\u00f3 uma quest\u00e3o ambiental \u2014 \u00e9 uma quest\u00e3o de sa\u00fade p\u00fablica, de justi\u00e7a social, de sobreviv\u00eancia e de esperan\u00e7a. Estar presente nessas a\u00e7\u00f5es n\u00e3o \u00e9 apenas um ato de protesto, mas um compromisso com o futuro do planeta e das pr\u00f3ximas gera\u00e7\u00f5es.\u201d<\/p>\n<h2>Pr\u00f3ximos atos contra o PL da devasta\u00e7\u00e3o<\/h2>\n<ul>\n<li><strong>* PE \u2013 Recife:<\/strong><\/li>\n<\/ul>\n<p>05\/06 (quinta-feira) \u00e0s 13h em frente \u00e0 Assembleia Legislativa de Pernambuco<\/p>\n<ul>\n<li>\u2060<strong>* RJ \u2013 Rio de Janeiro<\/strong><\/li>\n<\/ul>\n<p>Dia 05\/06 (quinta-feira) 8h \u2013 Marcha Pelo Junho Verde \u2013 Pra\u00e7a XV de Novembro<\/p>\n<p>Dia 07\/06 (s\u00e1bado), 10h \u2013 Marcha Pelo Clima \u2013 Museu do Amanh\u00e3<\/p>\n<ul>\n<li><strong>* SP \u2013 S\u00e3o Paulo<\/strong><\/li>\n<\/ul>\n<p>07\/06 (s\u00e1bado), 14h \u2013 Marcha pelo Clima, MASP, Av. Paulista.<\/p>\n<p><strong>Fonte: Contraf-CUT<\/strong><\/p>\n","protected":false},"excerpt":{"rendered":"<p>Institu\u00eddo pela Organiza\u00e7\u00e3o das Na\u00e7\u00f5es Unidas (ONU) em 1972, o Dia Mundial do Meio Ambiente, celebrado em 5 de junho, \u00e9 mais do que uma data simb\u00f3lica: \u00e9 um convite global \u00e0 reflex\u00e3o e \u00e0 a\u00e7\u00e3o. Em 2025, o tema escolhido pela ONU \u00e9 \u201cNossa terra. Nosso futuro. N\u00f3s somos #Gera\u00e7\u00e3oRestaura\u00e7\u00e3o\u201d, destacando a urg\u00eancia de [&hellip;]<\/p>\n","protected":false},"author":2,"featured_media":16460,"comment_status":"","ping_status":"","sticky":false,"template":"","format":"standard","meta":{"footnotes":""},"categories":[3],"tags":[],"class_list":["post-16461","post","type-post","status-publish","format-standard","has-post-thumbnail","hentry","category-noticias"],"_links":{"self":[{"href":"https:\/\/hostnetart.com.br\/baixada\/wp-json\/wp\/v2\/posts\/16461","targetHints":{"allow":["GET"]}}],"collection":[{"href":"https:\/\/hostnetart.com.br\/baixada\/wp-json\/wp\/v2\/posts"}],"about":[{"href":"https:\/\/hostnetart.com.br\/baixada\/wp-json\/wp\/v2\/types\/post"}],"author":[{"embeddable":true,"href":"https:\/\/hostnetart.com.br\/baixada\/wp-json\/wp\/v2\/users\/2"}],"replies":[{"embeddable":true,"href":"https:\/\/hostnetart.com.br\/baixada\/wp-json\/wp\/v2\/comments?post=16461"}],"version-history":[{"count":0,"href":"https:\/\/hostnetart.com.br\/baixada\/wp-json\/wp\/v2\/posts\/16461\/revisions"}],"wp:featuredmedia":[{"embeddable":true,"href":"https:\/\/hostnetart.com.br\/baixada\/wp-json\/wp\/v2\/media\/16460"}],"wp:attachment":[{"href":"https:\/\/hostnetart.com.br\/baixada\/wp-json\/wp\/v2\/media?parent=16461"}],"wp:term":[{"taxonomy":"category","embeddable":true,"href":"https:\/\/hostnetart.com.br\/baixada\/wp-json\/wp\/v2\/categories?post=16461"},{"taxonomy":"post_tag","embeddable":true,"href":"https:\/\/hostnetart.com.br\/baixada\/wp-json\/wp\/v2\/tags?post=16461"}],"curies":[{"name":"wp","href":"https:\/\/api.w.org\/{rel}","templated":true}]}}