{"id":16457,"date":"2025-06-04T17:12:33","date_gmt":"2025-06-04T20:12:33","guid":{"rendered":"https:\/\/hostnetart.com.br\/baixada\/funcionaria-do-santander-e-reintegrada-pelo-sindicato-dos-bancarios-da-baixada-fluminense-2\/"},"modified":"2025-06-04T17:12:33","modified_gmt":"2025-06-04T20:12:33","slug":"funcionaria-do-santander-e-reintegrada-pelo-sindicato-dos-bancarios-da-baixada-fluminense-2","status":"publish","type":"post","link":"https:\/\/hostnetart.com.br\/baixada\/funcionaria-do-santander-e-reintegrada-pelo-sindicato-dos-bancarios-da-baixada-fluminense-2\/","title":{"rendered":"Funcion\u00e1ria do Santander \u00e9 reintegrada pelo Sindicato dos Banc\u00e1rios da Baixada Fluminense"},"content":{"rendered":"<p>Nesta quarta-feira, 4 de junho, o\u00a0<strong>Sindicato dos Banc\u00e1rios da Baixada Fluminense<\/strong>\u00a0<b>reintegrou<\/b>\u00a0mais uma\u00a0<b>funcion\u00e1ria<\/b>\u00a0do Banco <b>Santander.<\/b><\/p>\n<p>M\u00f4nica da Silva Nunes foi demitida sendo portadora de doen\u00e7a ocupacional. Tamb\u00e9m\u00a0houve per\u00edcia m\u00e9dica de ortopedia, onde foi reconhecido o nexo causal entre a doen\u00e7a e o trabalho.<\/p>\n<p><span style=\"text-decoration: underline;\">ENTENDA<\/span><\/p>\n<p>A banc\u00e1ria j\u00e1 havia sido demitida em mar\u00e7o de 2019. Foi reintegrada e, novamente, demitida em junho de 2020, sendo reintegrada, mais uma vez, em dezembro de 2022.<\/p>\n<p>A sua \u00faltima demiss\u00e3o ocorreu no mesmo\u00a0dia do exame de retorno, o que \u00e9 uma verdadeira armadilha, arquitetada pelo banco, para seus funcion\u00e1rios, pois estes eram convocados para este exame de retorno, onde eram considerados aptos e imediatamente demitidos.<\/p>\n<p>Agora, ap\u00f3s muita luta, a banc\u00e1ria foi novamente reintegrada, tendo todos os seus direitos mantidos e garantidos.<\/p>\n<p>M\u00f4nica da Silva Nunes \u00e9 sindicalizada e teve, desde o in\u00edcio de todo este processo, suporte e atendimento do Departamento Jur\u00eddico do Sindicato, atrav\u00e9s do advogado Luiz Paulo, do Escrit\u00f3rio Baptista &amp; Reis Advogados Associados, e pelo Departamento de Sa\u00fade.<\/p>\n<p>A reintegra\u00e7\u00e3o foi acompanhada pelos Diretores Claudio Leite Leal, Martins, Jos\u00e9 La\u00e9rcio, Ricardo de S\u00e1 e Gentil Ramos.\u00a0<\/p>\n<p><strong>IMPORTANTE<\/strong><\/p>\n<p>\u00c9 fundamental que banc\u00e1rias e banc\u00e1rios, logo que sejam informados de suas demiss\u00f5es, procurem imediatamente atendimento no Sindicato.<\/p>\n<p><b>ATENDIMENTO JUR\u00cdDICO PRESENCIAL<\/b><\/p>\n<p>Nova Igua\u00e7u\u00a0&#8211; \u00e0s\u00a0<em><strong>ter\u00e7as-feiras<\/strong><\/em>, das 11 horas\u00a0<span dir=\"ltr\">\u00e0 13 horas\u00a0<\/span>e das 14 horas \u00e0s 17 horas (telefone:\u00a0<span dir=\"ltr\"><a href=\"tel:21 \/ 2658-8041\">21 \/ 2658-8041<\/a><\/span>)<\/p>\n<p>Duque de Caxias\u00a0&#8211; \u00e0s\u00a0<strong><em>quintas-feiras<\/em><\/strong>, das 10 horas \u00e0s 13 horas (telefone:\u00a0<span dir=\"ltr\"><a href=\"tel:21 \/ 26710-110\">21 \/ 26710-110<\/a><\/span>)<\/p>\n<p><b>SINDICALIZE-SE!<\/b><\/p>\n","protected":false},"excerpt":{"rendered":"<p>Nesta quarta-feira, 4 de junho, o\u00a0Sindicato dos Banc\u00e1rios da Baixada Fluminense\u00a0reintegrou\u00a0mais uma\u00a0funcion\u00e1ria\u00a0do Banco Santander. M\u00f4nica da Silva Nunes foi demitida sendo portadora de doen\u00e7a ocupacional. Tamb\u00e9m\u00a0houve per\u00edcia m\u00e9dica de ortopedia, onde foi reconhecido o nexo causal entre a doen\u00e7a e o trabalho. ENTENDA A banc\u00e1ria j\u00e1 havia sido demitida em mar\u00e7o de 2019. Foi reintegrada [&hellip;]<\/p>\n","protected":false},"author":2,"featured_media":16456,"comment_status":"","ping_status":"","sticky":false,"template":"","format":"standard","meta":{"footnotes":""},"categories":[3],"tags":[],"class_list":["post-16457","post","type-post","status-publish","format-standard","has-post-thumbnail","hentry","category-noticias"],"_links":{"self":[{"href":"https:\/\/hostnetart.com.br\/baixada\/wp-json\/wp\/v2\/posts\/16457","targetHints":{"allow":["GET"]}}],"collection":[{"href":"https:\/\/hostnetart.com.br\/baixada\/wp-json\/wp\/v2\/posts"}],"about":[{"href":"https:\/\/hostnetart.com.br\/baixada\/wp-json\/wp\/v2\/types\/post"}],"author":[{"embeddable":true,"href":"https:\/\/hostnetart.com.br\/baixada\/wp-json\/wp\/v2\/users\/2"}],"replies":[{"embeddable":true,"href":"https:\/\/hostnetart.com.br\/baixada\/wp-json\/wp\/v2\/comments?post=16457"}],"version-history":[{"count":0,"href":"https:\/\/hostnetart.com.br\/baixada\/wp-json\/wp\/v2\/posts\/16457\/revisions"}],"wp:featuredmedia":[{"embeddable":true,"href":"https:\/\/hostnetart.com.br\/baixada\/wp-json\/wp\/v2\/media\/16456"}],"wp:attachment":[{"href":"https:\/\/hostnetart.com.br\/baixada\/wp-json\/wp\/v2\/media?parent=16457"}],"wp:term":[{"taxonomy":"category","embeddable":true,"href":"https:\/\/hostnetart.com.br\/baixada\/wp-json\/wp\/v2\/categories?post=16457"},{"taxonomy":"post_tag","embeddable":true,"href":"https:\/\/hostnetart.com.br\/baixada\/wp-json\/wp\/v2\/tags?post=16457"}],"curies":[{"name":"wp","href":"https:\/\/api.w.org\/{rel}","templated":true}]}}