{"id":16455,"date":"2025-06-04T17:06:27","date_gmt":"2025-06-04T20:06:27","guid":{"rendered":"https:\/\/hostnetart.com.br\/baixada\/funcef-lanca-pesquisa-sobre-criacao-do-plano-familia\/"},"modified":"2025-06-04T17:06:27","modified_gmt":"2025-06-04T20:06:27","slug":"funcef-lanca-pesquisa-sobre-criacao-do-plano-familia","status":"publish","type":"post","link":"https:\/\/hostnetart.com.br\/baixada\/funcef-lanca-pesquisa-sobre-criacao-do-plano-familia\/","title":{"rendered":"Funcef lan\u00e7a pesquisa sobre cria\u00e7\u00e3o do Plano Fam\u00edlia"},"content":{"rendered":"<p>A Funcef iniciou, na \u00faltima semana, uma pesquisa para ouvir a opini\u00e3o dos participantes sobre a cria\u00e7\u00e3o de um novo plano de previd\u00eancia complementar voltado a seus familiares. O produto, chamado \u201cPlano Fam\u00edlia\u201d, est\u00e1 em estudo e ser\u00e1 estruturado na modalidade Contribui\u00e7\u00e3o Definida (CD), podendo beneficiar parentes at\u00e9 o 3\u00ba grau.\u00a0<\/p>\n<p>As principais caracter\u00edsticas do plano em estudo s\u00e3o: flexibilidade para o participante definir quem far\u00e1 os pagamentos, se ele mesmo ou o familiar beneficiado, al\u00e9m do valor das contribui\u00e7\u00f5es, que pode ser ajustado a qualquer momento.\u00a0<\/p>\n<p>Todo o valor contribu\u00eddo ser\u00e1 integralmente destinado ao saldo de conta, sem cobran\u00e7a de taxa de carregamento ou de sa\u00edda. O plano tamb\u00e9m vai permitir resgates parciais dos valores acumulados, oferecer cobertura para morte e invalidez e vai possibilitar dedu\u00e7\u00e3o das contribui\u00e7\u00f5es na base de c\u00e1lculo do Imposto de Renda pelo modelo completo, at\u00e9 o limite de 12% da renda bruta anual.\u00a0<\/p>\n<p>Al\u00e9m disso, os valores acumulados poder\u00e3o ser repassados diretamente aos benefici\u00e1rios indicados, facilitando a sucess\u00e3o patrimonial.<\/p>\n<p>&#8220;A pesquisa \u00e9 fundamental para sabermos o que os participantes pensam sobre o Plano Fam\u00edlia. Essa \u00e9 uma forma de ampliar os benef\u00edcios oferecidos pela Funcef aos participantes e seus familiares&#8221;, afirmou Jair Pedro Ferreira, diretor de Benef\u00edcios eleito pelos participantes.<\/p>\n<p>O presidente da Fenae, Sergio Takemoto, destacou a import\u00e2ncia da pesquisa e refor\u00e7ou que \u00e9 papel das entidades ouvir os participantes antes de qualquer decis\u00e3o. \u201cToda proposta precisa ser amplamente debatida e constru\u00edda com base no di\u00e1logo. Por isso \u00e9 muito importante que os participantes participem e manifestem suas opini\u00f5es\u201d, avaliou.<\/p>\n<p>Os participantes receberam a pesquisa por e-mail. Ela tamb\u00e9m est\u00e1 dispon\u00edvel no Autoatendimento da Funda\u00e7\u00e3o, que\u00a0<a href=\"https:\/\/autoatendimentoweb.funcef.com.br\/apl\/Autoatendimento_Web\">pode ser acessada por meio deste link (clique aqui)<\/a>\u00a0.<\/p>\n<p><strong>Fonte: Fenae<\/strong><\/p>\n","protected":false},"excerpt":{"rendered":"<p>A Funcef iniciou, na \u00faltima semana, uma pesquisa para ouvir a opini\u00e3o dos participantes sobre a cria\u00e7\u00e3o de um novo plano de previd\u00eancia complementar voltado a seus familiares. O produto, chamado \u201cPlano Fam\u00edlia\u201d, est\u00e1 em estudo e ser\u00e1 estruturado na modalidade Contribui\u00e7\u00e3o Definida (CD), podendo beneficiar parentes at\u00e9 o 3\u00ba grau.\u00a0 As principais caracter\u00edsticas do [&hellip;]<\/p>\n","protected":false},"author":2,"featured_media":16454,"comment_status":"","ping_status":"","sticky":false,"template":"","format":"standard","meta":{"footnotes":""},"categories":[3],"tags":[],"class_list":["post-16455","post","type-post","status-publish","format-standard","has-post-thumbnail","hentry","category-noticias"],"_links":{"self":[{"href":"https:\/\/hostnetart.com.br\/baixada\/wp-json\/wp\/v2\/posts\/16455","targetHints":{"allow":["GET"]}}],"collection":[{"href":"https:\/\/hostnetart.com.br\/baixada\/wp-json\/wp\/v2\/posts"}],"about":[{"href":"https:\/\/hostnetart.com.br\/baixada\/wp-json\/wp\/v2\/types\/post"}],"author":[{"embeddable":true,"href":"https:\/\/hostnetart.com.br\/baixada\/wp-json\/wp\/v2\/users\/2"}],"replies":[{"embeddable":true,"href":"https:\/\/hostnetart.com.br\/baixada\/wp-json\/wp\/v2\/comments?post=16455"}],"version-history":[{"count":0,"href":"https:\/\/hostnetart.com.br\/baixada\/wp-json\/wp\/v2\/posts\/16455\/revisions"}],"wp:featuredmedia":[{"embeddable":true,"href":"https:\/\/hostnetart.com.br\/baixada\/wp-json\/wp\/v2\/media\/16454"}],"wp:attachment":[{"href":"https:\/\/hostnetart.com.br\/baixada\/wp-json\/wp\/v2\/media?parent=16455"}],"wp:term":[{"taxonomy":"category","embeddable":true,"href":"https:\/\/hostnetart.com.br\/baixada\/wp-json\/wp\/v2\/categories?post=16455"},{"taxonomy":"post_tag","embeddable":true,"href":"https:\/\/hostnetart.com.br\/baixada\/wp-json\/wp\/v2\/tags?post=16455"}],"curies":[{"name":"wp","href":"https:\/\/api.w.org\/{rel}","templated":true}]}}