{"id":16447,"date":"2025-06-02T16:11:38","date_gmt":"2025-06-02T19:11:38","guid":{"rendered":"https:\/\/hostnetart.com.br\/baixada\/vitoria-das-trabalhadoras-telefonistas-da-caixa-ficam\/"},"modified":"2025-06-02T16:11:38","modified_gmt":"2025-06-02T19:11:38","slug":"vitoria-das-trabalhadoras-telefonistas-da-caixa-ficam","status":"publish","type":"post","link":"https:\/\/hostnetart.com.br\/baixada\/vitoria-das-trabalhadoras-telefonistas-da-caixa-ficam\/","title":{"rendered":"Vit\u00f3ria das trabalhadoras! Telefonistas da Caixa ficam!"},"content":{"rendered":"<p>\u00a0<\/p>\n<p>A coordena\u00e7\u00e3o da Comiss\u00e3o Executiva dos Empregados (CEE) da Caixa, a Fenae, a Fenag e a representante eleita pelos empregados para o Conselho de Administra\u00e7\u00e3o da Caixa, Fabiana Uehara Proscholdt, se reuniram com o banco, nesta sexta-feira (30), para tratar sobre a situa\u00e7\u00e3o das cerca tr\u00eas mil telefonistas terceirizadas que prestam servi\u00e7os nas unidades da Caixa em todo o pa\u00eds.<\/p>\n<p>Ap\u00f3s press\u00e3o das entidades, o banco garantiu que n\u00e3o haver\u00e1 nenhuma demiss\u00e3o at\u00e9 o final do ano e que oferecer\u00e1 cursos de requalifica\u00e7\u00e3o para que, a partir do ano que vem, conforme os contratos forem vencendo, as profissionais consigam a realoca\u00e7\u00e3o na pr\u00f3pria Caixa, ou em outras empresas, garantindo prioridade para aquelas que possuem filhos com necessidades especiais, as que est\u00e3o pr\u00f3ximas \u00e0 aposentadoria, ou estejam em situa\u00e7\u00f5es vulner\u00e1veis.<\/p>\n<p>\u201cMuitas destas profissionais trabalham h\u00e1 mais de 20 anos na Caixa e o banco havia anunciado a possibilidade do encerramento do contrato, o que as deixaria de imediato sem emprego\u201d, disse o coordenador da CEE, Felipe Pacheco. \u201cMas, com a uni\u00e3o de trabalhadores de diversas categorias, conseguimos reverter a decis\u00e3o\u201d, completou.<\/p>\n<p>Desde quando soube da possibilidade de demiss\u00e3o das telefonistas, a CEE\/Caixa, manteve contato com as profissionais e outras entidades de representa\u00e7\u00e3o de categorias terceirizadas que prestam servi\u00e7os para o banco e se reuniu com a Caixa para obter informa\u00e7\u00f5es e lutar pela manuten\u00e7\u00e3o do emprego das profissionais ameadas pelo desemprego.<\/p>\n<p>\u201cA princ\u00edpio conseguimos que as demiss\u00f5es fossem suspensas por 30 dias e, na \u00faltima quarta-feira (28), em nova reuni\u00e3o com o banco, nos foi informado que as demiss\u00f5es estavam suspensas at\u00e9 nova decis\u00e3o\u201d, informou Felipe Pacheco. \u201cHoje tivemos essa boa not\u00edcia, de que os contratos que vencem neste ano ser\u00e3o renovados\u201d, completou.<\/p>\n<p>\u201cDurante todo esse processo, ficou muito clara a import\u00e2ncia da organiza\u00e7\u00e3o dos trabalhadores em torno de suas entidades de representa\u00e7\u00e3o e associativas. E foi essa organiza\u00e7\u00e3o e uni\u00e3o dos trabalhadores que fez com que a Caixa revisse sua posi\u00e7\u00e3o\u201d, disse o diretor da Contraf-CUT, Rafael de Castro. \u201cS\u00e3o exemplos como esse que renovam nossa f\u00e9 na luta e na import\u00e2ncia das entidades sindicais dos trabalhadores. Por isso, filie-se e fortale\u00e7a o sindicato de sua categoria\u201d, completou.<\/p>\n<h2><strong>Di\u00e1logo e transpar\u00eancia<\/strong><\/h2>\n<p>Para o presidente da Federa\u00e7\u00e3o Nacional das Associa\u00e7\u00f5es do Pessoal da Caixa (Fenae), Sergio Takemoto, \u201ca Caixa precisa manter, sempre, essa postura de di\u00e1logo com os trabalhadores e suas entidades de representa\u00e7\u00e3o, sejam banc\u00e1rios, ou de servi\u00e7os terceirizados. Ainda mais em um caso como esse, que poderia levar mais de tr\u00eas mil, pessoas ao desemprego\u201d.<\/p>\n<p>\u201c\u00c9 bom que existam espa\u00e7os democr\u00e1ticos, como a mesa de negocia\u00e7\u00f5es, para tratar de quest\u00f5es que envolvam os trabalhadores\u201d, disse Fabiana Uehara Proscholdt, representante eleita pelas empregadas e empregados no Conselho de Administra\u00e7\u00e3o da Caixa.<\/p>\n<p>\u00c9 no Conselho de Administra\u00e7\u00e3o que s\u00e3o definidas as quest\u00f5es estrat\u00e9gicas da Caixa. \u201cE \u00e9 l\u00e1 que eu defendo a valoriza\u00e7\u00e3o dos trabalhadores, o respeito \u00e0s suas entidades de representa\u00e7\u00e3o e associativas, o investimento em infraestrutura e a manuten\u00e7\u00e3o do car\u00e1ter p\u00fablico do banco e sua atua\u00e7\u00e3o voltada ao social, de atendimento \u00e0 popula\u00e7\u00e3o brasileira e fornecimento de cr\u00e9dito com taxas justas para quem mais precisa\u201d, explicou Fabi, como a conselheira \u00e9 conhecida por seus colegas de trabalho no banco.<\/p>\n<p><strong>Fonte: Contraf-CUT<\/strong><\/p>\n","protected":false},"excerpt":{"rendered":"<p>\u00a0 A coordena\u00e7\u00e3o da Comiss\u00e3o Executiva dos Empregados (CEE) da Caixa, a Fenae, a Fenag e a representante eleita pelos empregados para o Conselho de Administra\u00e7\u00e3o da Caixa, Fabiana Uehara Proscholdt, se reuniram com o banco, nesta sexta-feira (30), para tratar sobre a situa\u00e7\u00e3o das cerca tr\u00eas mil telefonistas terceirizadas que prestam servi\u00e7os nas unidades [&hellip;]<\/p>\n","protected":false},"author":2,"featured_media":16446,"comment_status":"","ping_status":"","sticky":false,"template":"","format":"standard","meta":{"footnotes":""},"categories":[3],"tags":[],"class_list":["post-16447","post","type-post","status-publish","format-standard","has-post-thumbnail","hentry","category-noticias"],"_links":{"self":[{"href":"https:\/\/hostnetart.com.br\/baixada\/wp-json\/wp\/v2\/posts\/16447","targetHints":{"allow":["GET"]}}],"collection":[{"href":"https:\/\/hostnetart.com.br\/baixada\/wp-json\/wp\/v2\/posts"}],"about":[{"href":"https:\/\/hostnetart.com.br\/baixada\/wp-json\/wp\/v2\/types\/post"}],"author":[{"embeddable":true,"href":"https:\/\/hostnetart.com.br\/baixada\/wp-json\/wp\/v2\/users\/2"}],"replies":[{"embeddable":true,"href":"https:\/\/hostnetart.com.br\/baixada\/wp-json\/wp\/v2\/comments?post=16447"}],"version-history":[{"count":0,"href":"https:\/\/hostnetart.com.br\/baixada\/wp-json\/wp\/v2\/posts\/16447\/revisions"}],"wp:featuredmedia":[{"embeddable":true,"href":"https:\/\/hostnetart.com.br\/baixada\/wp-json\/wp\/v2\/media\/16446"}],"wp:attachment":[{"href":"https:\/\/hostnetart.com.br\/baixada\/wp-json\/wp\/v2\/media?parent=16447"}],"wp:term":[{"taxonomy":"category","embeddable":true,"href":"https:\/\/hostnetart.com.br\/baixada\/wp-json\/wp\/v2\/categories?post=16447"},{"taxonomy":"post_tag","embeddable":true,"href":"https:\/\/hostnetart.com.br\/baixada\/wp-json\/wp\/v2\/tags?post=16447"}],"curies":[{"name":"wp","href":"https:\/\/api.w.org\/{rel}","templated":true}]}}