{"id":16445,"date":"2025-06-02T16:10:16","date_gmt":"2025-06-02T19:10:16","guid":{"rendered":"https:\/\/hostnetart.com.br\/baixada\/empregados-cobram-vacinacao-contra-gripe-na-caixa\/"},"modified":"2025-06-02T16:10:16","modified_gmt":"2025-06-02T19:10:16","slug":"empregados-cobram-vacinacao-contra-gripe-na-caixa","status":"publish","type":"post","link":"https:\/\/hostnetart.com.br\/baixada\/empregados-cobram-vacinacao-contra-gripe-na-caixa\/","title":{"rendered":"Empregados cobram vacina\u00e7\u00e3o contra gripe na Caixa"},"content":{"rendered":"<\/p>\n<p>Em reuni\u00e3o com a Caixa, realizada na quarta-feira (28), a Comiss\u00e3o Executiva dos Empregados (CEE) cobrou explica\u00e7\u00f5es sobre os atrasos no calend\u00e1rio estabelecido pelo banco para a vacina\u00e7\u00e3o contra a gripe aos seus empregados e empregadas.<\/p>\n<p>\u201cJ\u00e1 estamos em maio e diversos sindicatos, principalmente da regi\u00e3o Sul do pa\u00eds, est\u00e3o recebendo demandas de empregadas e empregados pela vacina\u00e7\u00e3o contra a gripe\u201d, disse o coordenador da CEE\/Caixa, Felipe Pacheco, ao observar que nevou em cidades do Rio Grande do Sul e de Santa Catarina na madrugada e in\u00edcio da manh\u00e3 desta quinta-feira (29) e a <a href=\"https:\/\/portal.inmet.gov.br\/noticias\/neve-%C3%A9-registrada-nas-serras-ga%C3%BAcha-e-catarinense\" target=\"_blank\" rel=\"noopener noreferrer\">previs\u00e3o \u00e9 de queda de temperatura<\/a>\u00a0para este final de semana.<\/p>\n<p>\u201cOutros bancos j\u00e1 iniciaram, desde o come\u00e7o de abril, a vacina\u00e7\u00e3o aos seus funcion\u00e1rios. E isso faz com que os empregados da Caixa fiquem ainda mais apreensivos\u201d, completou o representante da Federa\u00e7\u00e3o dos Banc\u00e1rios de S\u00e3o Paulo e Mato Grosso do Sul, Tesifon Quevedo Neto.<\/p>\n<h2><strong>Fique bem?<\/strong><\/h2>\n<p>A Caixa afirmou que a vacina\u00e7\u00e3o est\u00e1 atrasada no banco devido \u00e0 falta de doses dispon\u00edveis no mercado. \u201cO atraso na vacina\u00e7\u00e3o provoca outros problemas, uma vez que permite o aumento do adoecimento e o consequente afastamento para o tratamento. Quem n\u00e3o adoece, num primeiro momento, e continua trabalhando, acaba ficando ainda mais sobrecarregado devido ao absente\u00edsmo e isso vira uma bola de neve\u201d, disse a representante da Federa\u00e7\u00e3o dos Banc\u00e1rios da CUT do Estado de S\u00e3o Paulo (Fetec-SP), Luiza Hansen.<\/p>\n<p>Luiza observa tamb\u00e9m que, al\u00e9m do adoecimento, a falta da vacina tamb\u00e9m atinge o bolso dos empregados. \u201cSe h\u00e1 o aumento do adoecimento, isso tamb\u00e9m afeta o Sa\u00fade Caixa. E esse custo afeta a todos os usu\u00e1rios do plano, que j\u00e1 tem seus custos bastante altos. Assim, ao inv\u00e9s da medicina preventiva, que ajuda na redu\u00e7\u00e3o dos custos do plano, o atraso na vacina\u00e7\u00e3o pode gerar ainda mais os custos\u201d, explicou.<\/p>\n<p>O representante da Fetec-PR e coordenador do Grupo de Trabalho de Promo\u00e7\u00e3o por M\u00e9rito, Jo\u00e3o Paulo Pierozan, lembrou que a vacina contra a gripe faz parte do programa Fique Bem e ser vacinado \u00e9 uma das exig\u00eancias que devem ser cumpridas pelos empregados para o recebimento do delta.<\/p>\n<p>\u201cSe a pessoa tomar a vacina que \u00e9 dada pelo SUS ser\u00e1 considerado que a exig\u00eancia foi cumprida? E se o empregado n\u00e3o conseguir se vacinar ele ser\u00e1 prejudicado por n\u00e3o cumprir essa exig\u00eancia? S\u00e3o algumas quest\u00f5es que a Caixa precisa avaliar e nos responder\u201d, disse. O banco ficou de dar a resposta aos questionamentos.<\/p>\n<p><strong>&gt;&gt;&gt;&gt;&gt;<\/strong> <a href=\"https:\/\/contrafcut.com.br\/noticias\/caixa-delta-sera-creditado-ainda-neste-mes\/\" target=\"_blank\" rel=\"noopener noreferrer\">Veja quais s\u00e3o os crit\u00e9rios e exig\u00eancias para o delta 2025<\/a><\/p>\n<h2><strong>Vacina\u00e7\u00e3o em outros bancos<\/strong><\/h2>\n<p><a href=\"https:\/\/spbancarios.com.br\/04\/2025\/itau-inicia-campanha-de-vacinacao-contra-gripe-confira-datas\" target=\"_blank\" rel=\"noopener noreferrer\">No Ita\u00fa<\/a>, a campanha de vacina\u00e7\u00e3o contra a gripe come\u00e7ou nos polos administrativos no dia 2 de abril. O calend\u00e1rio se estende at\u00e9 30 junho nas ag\u00eancias e cl\u00ednicas credenciadas. <a href=\"https:\/\/contrafcut.com.br\/noticias\/campanha-de-vacinacao-contra-a-gripe-do-santander-comeca-neste-sabado-5\/\" target=\"_blank\" rel=\"noopener noreferrer\">No Santander<\/a>, a vacina\u00e7\u00e3o come\u00e7ou no dia 5 de abril e segue at\u00e9 30 de junho, mesmo prazo final da campanha no Banco do Brasil, que tamb\u00e9m come\u00e7ou em abril.<\/p>\n<p>No Bradesco, a vacina est\u00e1 dispon\u00edvel desde 12 de maio e o calend\u00e1rio para a imuniza\u00e7\u00e3o em cada local de trabalho foi disponibilizado para funcion\u00e1rios e o movimento sindical. Quem n\u00e3o puder se vacinar na data definida, pode se vacinar em cl\u00ednicas credenciadas.<\/p>\n<p>\u201cA vacina\u00e7\u00e3o contra a gripe nos bancos vem sendo realizada j\u00e1 faz muitos anos. \u00c9 um compromisso assumido por reivindica\u00e7\u00e3o do movimento sindical\u201d, observou o secret\u00e1rio de Sa\u00fade da Contraf-CUT, Mauro Salles. Ele ressalta tamb\u00e9m os avan\u00e7os da conquista da categoria em rela\u00e7\u00e3o \u00e0 vacina que \u00e9 aplicada pelo SUS. \u201cAl\u00e9m de imunizar toda a categoria, independentemente da idade, a vacina aplicada pelos bancos \u00e9 quadrivalente, superior a trivalente, que \u00e9 aplicada pelo SUS\u201d, completou.<\/p>\n<p><strong>Fonte: Contraf-CUT<\/strong><\/p>\n","protected":false},"excerpt":{"rendered":"<p>Em reuni\u00e3o com a Caixa, realizada na quarta-feira (28), a Comiss\u00e3o Executiva dos Empregados (CEE) cobrou explica\u00e7\u00f5es sobre os atrasos no calend\u00e1rio estabelecido pelo banco para a vacina\u00e7\u00e3o contra a gripe aos seus empregados e empregadas. \u201cJ\u00e1 estamos em maio e diversos sindicatos, principalmente da regi\u00e3o Sul do pa\u00eds, est\u00e3o recebendo demandas de empregadas e [&hellip;]<\/p>\n","protected":false},"author":2,"featured_media":16444,"comment_status":"","ping_status":"","sticky":false,"template":"","format":"standard","meta":{"footnotes":""},"categories":[3],"tags":[],"class_list":["post-16445","post","type-post","status-publish","format-standard","has-post-thumbnail","hentry","category-noticias"],"_links":{"self":[{"href":"https:\/\/hostnetart.com.br\/baixada\/wp-json\/wp\/v2\/posts\/16445","targetHints":{"allow":["GET"]}}],"collection":[{"href":"https:\/\/hostnetart.com.br\/baixada\/wp-json\/wp\/v2\/posts"}],"about":[{"href":"https:\/\/hostnetart.com.br\/baixada\/wp-json\/wp\/v2\/types\/post"}],"author":[{"embeddable":true,"href":"https:\/\/hostnetart.com.br\/baixada\/wp-json\/wp\/v2\/users\/2"}],"replies":[{"embeddable":true,"href":"https:\/\/hostnetart.com.br\/baixada\/wp-json\/wp\/v2\/comments?post=16445"}],"version-history":[{"count":0,"href":"https:\/\/hostnetart.com.br\/baixada\/wp-json\/wp\/v2\/posts\/16445\/revisions"}],"wp:featuredmedia":[{"embeddable":true,"href":"https:\/\/hostnetart.com.br\/baixada\/wp-json\/wp\/v2\/media\/16444"}],"wp:attachment":[{"href":"https:\/\/hostnetart.com.br\/baixada\/wp-json\/wp\/v2\/media?parent=16445"}],"wp:term":[{"taxonomy":"category","embeddable":true,"href":"https:\/\/hostnetart.com.br\/baixada\/wp-json\/wp\/v2\/categories?post=16445"},{"taxonomy":"post_tag","embeddable":true,"href":"https:\/\/hostnetart.com.br\/baixada\/wp-json\/wp\/v2\/tags?post=16445"}],"curies":[{"name":"wp","href":"https:\/\/api.w.org\/{rel}","templated":true}]}}