{"id":16443,"date":"2025-06-02T16:07:54","date_gmt":"2025-06-02T19:07:54","guid":{"rendered":"https:\/\/hostnetart.com.br\/baixada\/empregados-do-itau-aprovam-act-da-pcr-para-2025-e-2026\/"},"modified":"2025-06-02T16:07:54","modified_gmt":"2025-06-02T19:07:54","slug":"empregados-do-itau-aprovam-act-da-pcr-para-2025-e-2026","status":"publish","type":"post","link":"https:\/\/hostnetart.com.br\/baixada\/empregados-do-itau-aprovam-act-da-pcr-para-2025-e-2026\/","title":{"rendered":"Empregados do Ita\u00fa aprovam ACT da PCR para 2025 e 2026"},"content":{"rendered":"<p>Os empregados do Ita\u00fa em todo o Brasil aprovaram o Acordo Coletivo de Trabalho (ACT) para o pagamento da Participa\u00e7\u00e3o Complementar nos Resultados (PCR), referente aos exerc\u00edcios de 2025 e 2026.<\/p>\n<p>Na base do Sindicato dos Banc\u00e1rios da Baixada Fluminense, a ACT foi aprovada por 100% dos votantes.<\/p>\n<p>E em todos os\u00a0<strong>Sindicatos<\/strong> dos Banc\u00e1rios filiados \u00e0\u00a0Federa\u00e7\u00e3o dos Trabalhadores do Ramo Financeiro dos Estados do Rio de Janeiro e Esp\u00edrito Santo (<strong>Fetraf RJ\/ES<\/strong>), a proposta tamb\u00e9m foi aprovada.<\/p>\n<p><strong>Angra dos Reis<\/strong> e Regi\u00e3o: <strong>96,88%<\/strong><br \/><strong>Baixada Fluminense<\/strong>: <strong>100%<\/strong><br \/><strong>Esp\u00edrito Santo<\/strong>: <strong>96,92%<\/strong><br \/><strong>Itaperuna<\/strong> e Regi\u00e3o: <strong>100%<\/strong><br \/><strong>Maca\u00e9<\/strong> e Regi\u00e3o: <strong>92,86%<\/strong><br \/><strong>Nova Friburgo<\/strong> e Regi\u00e3o: <strong>98,41%<\/strong><br \/><strong>Tr\u00eas Rios<\/strong> e Regi\u00e3o: <strong>97,67%<\/strong><\/p>\n<p>A proposta consiste nos seguintes termos:<\/p>\n<ul>\n<li>Para 2025: reajuste de 6,25% no valor da PCR (equivalente \u00e0 infla\u00e7\u00e3o de mar\u00e7o medida pelo INPC + 1%) e ROE de at\u00e9 22,1% para a primeira faixa, e acima de 22,1% para a segunda faixa;<\/li>\n<li>Para 2026: reajuste conforme o \u00edndice negociado para a categoria e ROE de 22,1% para a primeira faixa, e acima de 22,1% para a segunda faixa.<\/li>\n<li>Os valores propostos por faixa s\u00e3o:<\/li>\n<li>Primeira faixa (ROE at\u00e9 22,1%): R$ 3.908,05<\/li>\n<li>Segunda faixa (ROE acima de 22,1%): R$ 4.096,42<\/li>\n<\/ul>\n<p>&#8220;O lucro do Ita\u00fa segue crescendo cada vez mais, resultado da dedica\u00e7\u00e3o e do esfor\u00e7o dos banc\u00e1rios, que merecem ser valorizados corretamente. O PCR \u00e9 fruto de muita luta dos trabalhadores e de muita press\u00e3o do movimento sindical. \u00c9 um pagamento adicional \u00e0 PLR da Conven\u00e7\u00e3o Coletiva de Trabalho, feito como reconhecimento ao trabalho dos banc\u00e1rios, que agora ter\u00e3o um aumento no valor recebido gra\u00e7as \u00e0 negocia\u00e7\u00e3o conduzida pelo Sindicato\u201d, afirma Valeska Pincovai, uma das coordenadoras da Comiss\u00e3o de Organiza\u00e7\u00e3o dos Empregados (COE) do Ita\u00fa.<\/p>\n<p><strong>Fonte: Contraf-CUT e Fetraf RJ\/ES<\/strong><\/p>\n","protected":false},"excerpt":{"rendered":"<p>Os empregados do Ita\u00fa em todo o Brasil aprovaram o Acordo Coletivo de Trabalho (ACT) para o pagamento da Participa\u00e7\u00e3o Complementar nos Resultados (PCR), referente aos exerc\u00edcios de 2025 e 2026. Na base do Sindicato dos Banc\u00e1rios da Baixada Fluminense, a ACT foi aprovada por 100% dos votantes. E em todos os\u00a0Sindicatos dos Banc\u00e1rios filiados [&hellip;]<\/p>\n","protected":false},"author":2,"featured_media":16442,"comment_status":"","ping_status":"","sticky":false,"template":"","format":"standard","meta":{"footnotes":""},"categories":[3],"tags":[],"class_list":["post-16443","post","type-post","status-publish","format-standard","has-post-thumbnail","hentry","category-noticias"],"_links":{"self":[{"href":"https:\/\/hostnetart.com.br\/baixada\/wp-json\/wp\/v2\/posts\/16443","targetHints":{"allow":["GET"]}}],"collection":[{"href":"https:\/\/hostnetart.com.br\/baixada\/wp-json\/wp\/v2\/posts"}],"about":[{"href":"https:\/\/hostnetart.com.br\/baixada\/wp-json\/wp\/v2\/types\/post"}],"author":[{"embeddable":true,"href":"https:\/\/hostnetart.com.br\/baixada\/wp-json\/wp\/v2\/users\/2"}],"replies":[{"embeddable":true,"href":"https:\/\/hostnetart.com.br\/baixada\/wp-json\/wp\/v2\/comments?post=16443"}],"version-history":[{"count":0,"href":"https:\/\/hostnetart.com.br\/baixada\/wp-json\/wp\/v2\/posts\/16443\/revisions"}],"wp:featuredmedia":[{"embeddable":true,"href":"https:\/\/hostnetart.com.br\/baixada\/wp-json\/wp\/v2\/media\/16442"}],"wp:attachment":[{"href":"https:\/\/hostnetart.com.br\/baixada\/wp-json\/wp\/v2\/media?parent=16443"}],"wp:term":[{"taxonomy":"category","embeddable":true,"href":"https:\/\/hostnetart.com.br\/baixada\/wp-json\/wp\/v2\/categories?post=16443"},{"taxonomy":"post_tag","embeddable":true,"href":"https:\/\/hostnetart.com.br\/baixada\/wp-json\/wp\/v2\/tags?post=16443"}],"curies":[{"name":"wp","href":"https:\/\/api.w.org\/{rel}","templated":true}]}}