{"id":16437,"date":"2025-05-29T14:07:39","date_gmt":"2025-05-29T17:07:39","guid":{"rendered":"https:\/\/hostnetart.com.br\/baixada\/caixa-encerra-negociacoes-sobre-caixas-e-tesoureiros\/"},"modified":"2025-05-29T14:07:39","modified_gmt":"2025-05-29T17:07:39","slug":"caixa-encerra-negociacoes-sobre-caixas-e-tesoureiros","status":"publish","type":"post","link":"https:\/\/hostnetart.com.br\/baixada\/caixa-encerra-negociacoes-sobre-caixas-e-tesoureiros\/","title":{"rendered":"Caixa encerra negocia\u00e7\u00f5es sobre caixas e tesoureiros"},"content":{"rendered":"<p>A Caixa Econ\u00f4mica Federal encerrou, nesta quarta-feira (28), as negocia\u00e7\u00f5es sobre quest\u00f5es espec\u00edficas de caixas e tesoureiros do banco, que estavam <a href=\"https:\/\/contrafcut.com.br\/noticias\/clausulas-sobre-caixas-e-tesoureiros-serao-avaliadas-fora-do-act\/\" target=\"_blank\" rel=\"noopener noreferrer\">pendentes desde a Campanha Nacional dos Banc\u00e1rios do ano passado<\/a>. A decis\u00e3o do banco foi tomada depois que a representa\u00e7\u00e3o dos trabalhadores se recusou a dar o aval para a retirada de direitos dos trabalhadores. Na reuni\u00e3o desta quarta, o banco se comprometeu a n\u00e3o mexer com o quadro atual e os direitos dos trabalhadores e, caso pretenda realizar alguma mudan\u00e7a, trazer para negocia\u00e7\u00e3o com a representa\u00e7\u00e3o dos empregados.<\/p>\n<p>Na Campanha Nacional de 2024, a Caixa foi o \u00faltimo dos cinco principais bancos do pa\u00eds a concluir as negocia\u00e7\u00f5es, pois insistia na retirada de direitos, o que n\u00e3o foi aceito pelo movimento sindical.<\/p>\n<p>\u201cA Caixa queria que fiz\u00e9ssemos um acordo sem nos dar qualquer tipo de garantia. Desde as negocia\u00e7\u00f5es no ano passado, a proposta era a de retirar direitos dos trabalhadores em troca de 500 nomea\u00e7\u00f5es efetivas (posteriormente o banco aumentou para 750 nomea\u00e7\u00f5es), sem sequer garantir a manuten\u00e7\u00e3o destas fun\u00e7\u00f5es por pelo menos um ano\u201d, explicou o coordenador da Comiss\u00e3o Executiva dos Empregados (CEE) da Caixa, Felipe Pacheco. \u201cNa Campanha Nacional de 2024, a Caixa chegou a dizer que o objetivo era reduzir o passivo trabalhista. Hoje conseguimos que o banco n\u00e3o mexa nestes direitos\u201d, completou.<\/p>\n<p>Felipe lembrou que, nas negocia\u00e7\u00f5es de 2024, o banco sequer garantia que as empregadas e empregados que exercem as atividades de caixa executivo e tesoureiro executivo sem nomea\u00e7\u00e3o efetiva seriam as pessoas nomeadas e tampouco quis informar o n\u00famero de empregados que exercem estas fun\u00e7\u00f5es por minuto, impossibilitando afirmar que seria o fim da atividade por minuto na Caixa.<\/p>\n<h2><strong>Compromisso da Caixa<\/strong><\/h2>\n<p>A representante da Federa\u00e7\u00e3o dos Trabalhadores em Empresas de Cr\u00e9dito (Fetec) do Centro Norte, Tatiana Oliveira, acrescentou que \u201choje a Caixa afirmou que n\u00e3o ir\u00e1 mexer com o quadro atual e, caso a empresa pretenda realizar alguma mudan\u00e7a, ir\u00e1 trazer para negocia\u00e7\u00e3o com a representa\u00e7\u00e3o dos empregados. \u00c9 um compromisso importante, pois a apreens\u00e3o dos colegas caixas e tesoureiros quanto ao futuro de suas fun\u00e7\u00f5es \u00e9 grande\u201d.<\/p>\n<h2><strong>Relembre como foram as negocia\u00e7\u00f5es<\/strong><\/h2>\n<p><strong>Quebra de caixa<\/strong><\/p>\n<p>Com rela\u00e7\u00e3o \u00e0 quebra de caixa, mesmo se houvesse acordo, o banco continuaria questionando na Justi\u00e7a o pagamento de forma acumulada com a gratifica\u00e7\u00e3o de fun\u00e7\u00e3o. \u201cA princ\u00edpio, o banco queria que os empregados renunciassem o direito do recebimento da verba de quebra de caixa e que essa ren\u00fancia fosse inclu\u00edda do ACT. Com as negocia\u00e7\u00f5es, a Caixa deixou de fazer essa exig\u00eancia, mas disse que continuaria questionando este direito na Justi\u00e7a, mesmo havendo jurisprud\u00eancia de que a verba de quebra de caixa e a gratifica\u00e7\u00e3o de fun\u00e7\u00e3o t\u00eam natureza distintas\u201d, lembrou Tatiana, que, al\u00e9m de representante da Fetec-CUT\/CN, \u00e9 presidenta do Sindicato dos Banc\u00e1rios do Par\u00e1 e faz parte do Comando Nacional dos Banc\u00e1rios.<\/p>\n<p>\u201cO banco queria, ainda, impedir que os novos nomeados acionassem a Justi\u00e7a para receber a verba de quebra de caixa que n\u00e3o foi paga pelo banco, por que ele entende que esta verba n\u00e3o pode ser paga de forma cumulativa com a gratifica\u00e7\u00e3o de fun\u00e7\u00e3o\u201d, completou a secret\u00e1ria de Forma\u00e7\u00e3o da Contraf-CUT, Eliana Brasil, que representa a Contraf-CUT na mesa de negocia\u00e7\u00f5es com a Caixa.<\/p>\n<p><strong>Intervalo 10\/50<\/strong><\/p>\n<p>Se o acordo fosse aceito, o banco tamb\u00e9m manteria sua posi\u00e7\u00e3o de n\u00e3o reconhecimento do direito da pausa de 10 minutos ap\u00f3s 50 minutos trabalhados pelos caixas.<\/p>\n<p><strong>Tesoureiros<\/strong><\/p>\n<p>As novas designa\u00e7\u00f5es para tesoureiro executivo seriam apenas para jornada de seis horas, com redu\u00e7\u00e3o salarial. Aqueles que hoje t\u00eam jornada de oito horas poderiam optar pela jornada de seis horas e fazer uma CCV para acerto dos cinco \u00faltimos anos. Quem n\u00e3o tem a\u00e7\u00e3o de 7\u00aa e 8\u00aa horas n\u00e3o poderia mais requerer o pagamento das horas realizadas a partir da assinatura do acordo, podendo buscar na Justi\u00e7a apenas as horas realizadas anteriores \u00e0 assinatura.<\/p>\n<h2><strong>Outros assuntos<\/strong><\/h2>\n<p>Outras pautas foram tratadas na reuni\u00e3o desta quarta-feira (28), como o programa Teia, a manuten\u00e7\u00e3o das telefonistas terceirizadas, o Sa\u00fade Caixa e um calend\u00e1rio de reuni\u00f5es de negocia\u00e7\u00e3o.<\/p>\n<p><strong>Teia<\/strong><\/p>\n<p>A CEE questionou a Caixa sobre as garantias para os trabalhadores que atuam no programa Transforma\u00e7\u00e3o, Engajamento, Inova\u00e7\u00e3o e Aprendizado (Teia), <a href=\"https:\/\/epocanegocios.globo.com\/empresas\/noticia\/2024\/02\/estamos-trazendo-o-cliente-para-a-centralidade-das-nossas-decisoes-diz-presidente-da-caixa.ghtml\" target=\"_blank\" rel=\"noopener noreferrer\">criado para levar a Caixa \u00e0 transforma\u00e7\u00e3o digital<\/a>. O Projeto Teia tem gerado preocupa\u00e7\u00f5es e ang\u00fastias entre os empregados.<\/p>\n<p>O banco reafirmou que n\u00e3o haver\u00e1 perda salarial para aqueles que voltarem para suas unidades de origem e nem ocorrer\u00e3o retalia\u00e7\u00f5es.<\/p>\n<p>\u201c\u00c9 preciso que o banco coloque por escrito esse compromisso de que n\u00e3o haver\u00e1 retalha\u00e7\u00e3o, e nem haver\u00e1 risco de perda de fun\u00e7\u00e3o, nem do porte daqueles que optarem por retornar, garantindo assim os mesmos direitos que essa pessoa tinha quando atendeu ao chamado do banco para fazer parte do programa\u201d, refor\u00e7ou Rafael de Castro.<\/p>\n<p><strong>Telefonistas<\/strong><\/p>\n<p>A CEE\/Caixa cobrou esclarecimentos sobre o processo de demiss\u00e3o de aproximadamente tr\u00eas mil telefonistas que atuam no banco. Ap\u00f3s press\u00e3o das entidades representativas dos trabalhadores, a medida foi <a href=\"https:\/\/contrafcut.com.br\/noticias\/projeto-teia-suspenso-prazo-de-implementacao-das-mudancas\/\" target=\"_blank\" rel=\"noopener noreferrer\">suspensa inicialmente por 30 dias<\/a>.<\/p>\n<p>Na reuni\u00e3o desta quarta-feira, os representantes do banco afirmaram que as demiss\u00f5es permanecer\u00e3o suspensas at\u00e9 que haja uma nova defini\u00e7\u00e3o por parte da dire\u00e7\u00e3o da empresa.<\/p>\n<p><strong>Sa\u00fade Caixa<\/strong><\/p>\n<p>A Caixa apresentou \u00e0 CEE uma proposta de <a href=\"https:\/\/contrafcut.com.br\/noticias\/gt-saude-caixa-negociacoes-sobre-comites-de-credenciamento-avancam\/\" target=\"_blank\" rel=\"noopener noreferrer\">implementa\u00e7\u00e3o dos comit\u00eas de credenciamento e descredenciamento<\/a> do Sa\u00fade Caixa, a serem implementados na primeira quinzena de julho. O calend\u00e1rio est\u00e1 sendo avaliado pela comiss\u00e3o.<\/p>\n<p>A representa\u00e7\u00e3o dos empregados fez um protesto contra a <a href=\"https:\/\/contrafcut.com.br\/noticias\/caixa-anuncia-mudancas-no-estatuto\/\" target=\"_blank\" rel=\"noopener noreferrer\">manuten\u00e7\u00e3o do teto de gastos<\/a> do banco com a sa\u00fade do seu quadro de pessoal, estabelecido desde 2017 no Estatuto Social da Caixa em 6,5% da folha salarial dos empregados.<\/p>\n<p>\u201cLamentamos a falta de disposi\u00e7\u00e3o da Caixa, que n\u00e3o se empenhou na interlocu\u00e7\u00e3o necess\u00e1ria para resolver o assunto. \u00c9 preciso que haja mais afinco para resolver a quest\u00e3o da retirada do teto, <a href=\"https:\/\/contrafcut.com.br\/noticias\/saude-caixa-usuarios-querem-fim-do-teto-de-custeio\/\" target=\"_blank\" rel=\"noopener noreferrer\">uma das prioridades para as empregadas e empregados<\/a>\u201d, disse o coordenador da CEE\/Caixa, Felipe Pacheco.<\/p>\n<p>Desde quando o teto foi inserido no Estatuto da Caixa, os empregados pedem a sua exclus\u00e3o. O tema foi pauta de diversas reuni\u00f5es na Campanha Nacional dos Banc\u00e1rios de 2024, <a href=\"https:\/\/contrafcut.com.br\/noticias\/contraf-cut-e-fenae-solicitam-avancos-na-sest-sobre-reducao-do-equacionamento-saude-caixa-e-incorporacao-do-reb-ao-novo-plano\/\">tratado com o banco e \u00f3rg\u00e3os do governo antes e depois das negocia\u00e7\u00f5es<\/a> e, desde fevereiro, vem sendo tratado massivamente em atividades com os empregados, por meio da campanha \u201cQueremos Sa\u00fade, Caixa!\u201d.<\/p>\n<p>\u201cVamos continuar com as atividades pelo reajuste zero das mensalidades do Sa\u00fade Caixa e pelo aumento da participa\u00e7\u00e3o da Caixa no custeio do plano, o que \u00e9 poss\u00edvel somente com o fim do teto estabelecido no Estatuto, at\u00e9 que haja uma solu\u00e7\u00e3o que impe\u00e7a novos aumentos das mensalidades\u201d, afirmou Felipe Pacheco.<\/p>\n<p><strong>Calend\u00e1rio de negocia\u00e7\u00f5es<\/strong><\/p>\n<p>A CEE cobrou a retomada das negocia\u00e7\u00f5es com o banco, que vai elaborar um cronograma de datas para as reuni\u00f5es e enviar para a avalia\u00e7\u00e3o da representa\u00e7\u00e3o dos empregados.<\/p>\n<p><strong>Fonte: Contraf-CUT<\/strong><\/p>\n","protected":false},"excerpt":{"rendered":"<p>A Caixa Econ\u00f4mica Federal encerrou, nesta quarta-feira (28), as negocia\u00e7\u00f5es sobre quest\u00f5es espec\u00edficas de caixas e tesoureiros do banco, que estavam pendentes desde a Campanha Nacional dos Banc\u00e1rios do ano passado. A decis\u00e3o do banco foi tomada depois que a representa\u00e7\u00e3o dos trabalhadores se recusou a dar o aval para a retirada de direitos dos [&hellip;]<\/p>\n","protected":false},"author":2,"featured_media":16436,"comment_status":"","ping_status":"","sticky":false,"template":"","format":"standard","meta":{"footnotes":""},"categories":[3],"tags":[],"class_list":["post-16437","post","type-post","status-publish","format-standard","has-post-thumbnail","hentry","category-noticias"],"_links":{"self":[{"href":"https:\/\/hostnetart.com.br\/baixada\/wp-json\/wp\/v2\/posts\/16437","targetHints":{"allow":["GET"]}}],"collection":[{"href":"https:\/\/hostnetart.com.br\/baixada\/wp-json\/wp\/v2\/posts"}],"about":[{"href":"https:\/\/hostnetart.com.br\/baixada\/wp-json\/wp\/v2\/types\/post"}],"author":[{"embeddable":true,"href":"https:\/\/hostnetart.com.br\/baixada\/wp-json\/wp\/v2\/users\/2"}],"replies":[{"embeddable":true,"href":"https:\/\/hostnetart.com.br\/baixada\/wp-json\/wp\/v2\/comments?post=16437"}],"version-history":[{"count":0,"href":"https:\/\/hostnetart.com.br\/baixada\/wp-json\/wp\/v2\/posts\/16437\/revisions"}],"wp:featuredmedia":[{"embeddable":true,"href":"https:\/\/hostnetart.com.br\/baixada\/wp-json\/wp\/v2\/media\/16436"}],"wp:attachment":[{"href":"https:\/\/hostnetart.com.br\/baixada\/wp-json\/wp\/v2\/media?parent=16437"}],"wp:term":[{"taxonomy":"category","embeddable":true,"href":"https:\/\/hostnetart.com.br\/baixada\/wp-json\/wp\/v2\/categories?post=16437"},{"taxonomy":"post_tag","embeddable":true,"href":"https:\/\/hostnetart.com.br\/baixada\/wp-json\/wp\/v2\/tags?post=16437"}],"curies":[{"name":"wp","href":"https:\/\/api.w.org\/{rel}","templated":true}]}}