{"id":16433,"date":"2025-05-28T16:12:18","date_gmt":"2025-05-28T19:12:18","guid":{"rendered":"https:\/\/hostnetart.com.br\/baixada\/santander-e-acusado-de-financiar-desmatamento-em-massa-na-america-do-sul-revela-reportagem-do-the-guardian\/"},"modified":"2025-05-28T16:12:18","modified_gmt":"2025-05-28T19:12:18","slug":"santander-e-acusado-de-financiar-desmatamento-em-massa-na-america-do-sul-revela-reportagem-do-the-guardian","status":"publish","type":"post","link":"https:\/\/hostnetart.com.br\/baixada\/santander-e-acusado-de-financiar-desmatamento-em-massa-na-america-do-sul-revela-reportagem-do-the-guardian\/","title":{"rendered":"Santander \u00e9 acusado de financiar desmatamento em massa na Am\u00e9rica do Sul, revela reportagem do The Guardian"},"content":{"rendered":"<p>Uma reportagem publicada pelo\u00a0<a href=\"https:\/\/www.theguardian.com\/global-development\/2025\/may\/15\/we-are-witnessing-ecocide-santander-accused-of-funding-vast-deforestation\">jornal brit\u00e2nico The Guardian<\/a>\u00a0em 15 de maio exp\u00f4s graves den\u00fancias contra o banco espanhol Santander, acusado de financiar o desmatamento em larga escala no bioma do Gran Chaco, um dos ecossistemas mais importantes da Am\u00e9rica do Sul. A mat\u00e9ria, baseada em investiga\u00e7\u00e3o da ONG Global Witness, aponta que o banco co-organizou US$ 1,3 bilh\u00e3o em financiamento para a agroind\u00fastria argentina Cresud, que j\u00e1 desmatou mais de 170 mil hectares de floresta nativa.<\/p>\n<p>De acordo com o The Guardian, o financiamento promovido pelo Santander est\u00e1 diretamente ligado \u00e0 destrui\u00e7\u00e3o de uma \u00e1rea cr\u00edtica que abrange partes da Argentina, Bol\u00edvia, Paraguai e Brasil \u2014 e que j\u00e1 perdeu quase metade de sua vegeta\u00e7\u00e3o original. \u201cEstamos testemunhando um ecoc\u00eddio\u201d, afirmou \u00e0 reportagem um dos l\u00edderes ind\u00edgenas da regi\u00e3o, denunciando que comunidades como o povo Qom est\u00e3o sendo for\u00e7adas a deixar suas terras e perdendo seus modos de vida por conta da devasta\u00e7\u00e3o patrocinada por grandes grupos econ\u00f4micos.<\/p>\n<h2>Compromissos ambientais em xeque<\/h2>\n<p>O Santander publicou, em 2018, uma pol\u00edtica de sustentabilidade que prev\u00ea restri\u00e7\u00f5es a atividades que envolvam desmatamento e assumiu o compromisso p\u00fablico de zerar suas emiss\u00f5es l\u00edquidas at\u00e9 2050. No entanto, a investiga\u00e7\u00e3o mostra que essas diretrizes n\u00e3o est\u00e3o sendo cumpridas na pr\u00e1tica, uma vez que o banco continua financiando empresas com atua\u00e7\u00e3o question\u00e1vel do ponto de vista ambiental e social. \u201cApesar das promessas, o banco aparece entre os principais financiadores de companhias que operam em \u00e1reas de alto risco de desmatamento, comprometendo n\u00e3o s\u00f3 o meio ambiente, mas os direitos das popula\u00e7\u00f5es tradicionais e a estabilidade clim\u00e1tica da regi\u00e3o\u201d, destaca o texto do The Guardian.<\/p>\n<h2>Omiss\u00e3o e sil\u00eancio<\/h2>\n<p>Procurado pela reportagem, o Santander n\u00e3o respondeu diretamente \u00e0s acusa\u00e7\u00f5es e tampouco comentou sobre sua rela\u00e7\u00e3o com a Cresud. A empresa argentina, por sua vez, n\u00e3o quis se manifestar. Enquanto isso, ativistas e especialistas alertam que, sem mudan\u00e7as estruturais e fiscaliza\u00e7\u00e3o efetiva, o Gran Chaco poder\u00e1 ser completamente desmatado at\u00e9 2080. \u201cEstamos falando de uma das regi\u00f5es mais biodiversas do planeta sendo destru\u00edda para dar lugar a pastos e monoculturas, com a coniv\u00eancia de grandes institui\u00e7\u00f5es financeiras que priorizam o lucro a qualquer custo\u201d, refor\u00e7a a investiga\u00e7\u00e3o.<\/p>\n<h2>Contraf-CUT cobra responsabilidade<\/h2>\n<p>A Contraf-CUT repudia com veem\u00eancia qualquer pr\u00e1tica que viole direitos humanos, destrua o meio ambiente ou comprometa o futuro do planeta. \u201cBancos que operam no Brasil \u2014 como \u00e9 o caso do Santander \u2014 t\u00eam responsabilidade n\u00e3o s\u00f3 com seus acionistas, mas com toda a sociedade\u201d, afirmou Rita Berlofa, secret\u00e1ria de Rela\u00e7\u00f5es Internacionais da Contraf-CUT e funcion\u00e1ria do Banco. \u201cAo mesmo tempo em que fecha ag\u00eancias, demite funcion\u00e1rios e precariza condi\u00e7\u00f5es de trabalho, o banco ainda aparece em esc\u00e2ndalos de financiamento ao desmatamento. \u00c9 preciso cobrar coer\u00eancia e \u00e9tica em todas as frentes da atua\u00e7\u00e3o empresarial\u201d, completou a dirigente da Contraf-CUT.<\/p>\n<p><strong>Fonte: Contraf-CUT<\/strong><\/p>\n","protected":false},"excerpt":{"rendered":"<p>Uma reportagem publicada pelo\u00a0jornal brit\u00e2nico The Guardian\u00a0em 15 de maio exp\u00f4s graves den\u00fancias contra o banco espanhol Santander, acusado de financiar o desmatamento em larga escala no bioma do Gran Chaco, um dos ecossistemas mais importantes da Am\u00e9rica do Sul. A mat\u00e9ria, baseada em investiga\u00e7\u00e3o da ONG Global Witness, aponta que o banco co-organizou US$ [&hellip;]<\/p>\n","protected":false},"author":2,"featured_media":16432,"comment_status":"","ping_status":"","sticky":false,"template":"","format":"standard","meta":{"footnotes":""},"categories":[3],"tags":[],"class_list":["post-16433","post","type-post","status-publish","format-standard","has-post-thumbnail","hentry","category-noticias"],"_links":{"self":[{"href":"https:\/\/hostnetart.com.br\/baixada\/wp-json\/wp\/v2\/posts\/16433","targetHints":{"allow":["GET"]}}],"collection":[{"href":"https:\/\/hostnetart.com.br\/baixada\/wp-json\/wp\/v2\/posts"}],"about":[{"href":"https:\/\/hostnetart.com.br\/baixada\/wp-json\/wp\/v2\/types\/post"}],"author":[{"embeddable":true,"href":"https:\/\/hostnetart.com.br\/baixada\/wp-json\/wp\/v2\/users\/2"}],"replies":[{"embeddable":true,"href":"https:\/\/hostnetart.com.br\/baixada\/wp-json\/wp\/v2\/comments?post=16433"}],"version-history":[{"count":0,"href":"https:\/\/hostnetart.com.br\/baixada\/wp-json\/wp\/v2\/posts\/16433\/revisions"}],"wp:featuredmedia":[{"embeddable":true,"href":"https:\/\/hostnetart.com.br\/baixada\/wp-json\/wp\/v2\/media\/16432"}],"wp:attachment":[{"href":"https:\/\/hostnetart.com.br\/baixada\/wp-json\/wp\/v2\/media?parent=16433"}],"wp:term":[{"taxonomy":"category","embeddable":true,"href":"https:\/\/hostnetart.com.br\/baixada\/wp-json\/wp\/v2\/categories?post=16433"},{"taxonomy":"post_tag","embeddable":true,"href":"https:\/\/hostnetart.com.br\/baixada\/wp-json\/wp\/v2\/tags?post=16433"}],"curies":[{"name":"wp","href":"https:\/\/api.w.org\/{rel}","templated":true}]}}